{"id":526,"date":"2024-04-18T05:58:39","date_gmt":"2024-04-18T03:58:39","guid":{"rendered":"https:\/\/est-en-ouest.fr\/?p=526"},"modified":"2025-05-09T00:35:05","modified_gmt":"2025-05-08T22:35:05","slug":"photo-et-video-quel-est-mon-materiel-en-voyage","status":"publish","type":"post","link":"https:\/\/est-en-ouest.fr\/index.php\/2024\/04\/18\/photo-et-video-quel-est-mon-materiel-en-voyage\/","title":{"rendered":"Photo et vid\u00e9o : quel est mon mat\u00e9riel en voyage ?"},"content":{"rendered":"\n<p class=\"has-drop-cap dropcap square dark-bg\">Je ne sais pas si ce que j&rsquo;aime dans le voyage, c&rsquo;est de faire des photos&#8230; Ou si ce que j&rsquo;aime dans la photo, c&rsquo;est de voyager ! En tout cas, j&rsquo;ai toujours un peu de mat\u00e9riel avec moi pour immortaliser mes s\u00e9jours, voici, en gros, ce que j&rsquo;ai dans mon sac \u00e0 dos ! <\/p>\n\n\n\n<h2 class=\"wp-block-heading\">Photographie<\/h2>\n\n\n\n<ul class=\"wp-block-list\">\n<li><strong>Appareil photo :<\/strong> J&rsquo;ai depuis janvier 2024, un <strong>hybride Sony Alpha 7RV<\/strong>. Les photos que vous pouvez voir \u00e0 partir de <a href=\"https:\/\/est-en-ouest.fr\/index.php\/2024\/04\/01\/pise-et-les-cinque-terre-en-deux-jours-chrono\/\" target=\"_blank\" rel=\"noreferrer noopener\">mon train-trip en Italie du Nord<\/a> sont faites gr\u00e2ce \u00e0 lui. Soyons francs, c&rsquo;est un appareil tr\u00e8s couteux qui n&rsquo;est pas forc\u00e9ment \u00e0 la port\u00e9e de toutes les bourses, je le sais tr\u00e8s bien. Je me suis fait tr\u00e8s plaisir avec cet achat, et j&rsquo;en suis aujourd&rsquo;hui particuli\u00e8rement heureux, mais vous n&rsquo;avez pas besoin d&rsquo;un boitier aussi cher pour faire de belles photos. Avant celui l\u00e0, j&rsquo;ai eu trois appareils : un <strong>Olympus TG Tough<\/strong> dans les ann\u00e9es 2010 (r\u00e9sistant aux chocs et \u00e0 l&rsquo;eau mais j&rsquo;\u00e9tais un peu d\u00e9\u00e7u par la qualit\u00e9 des images), <strong>un reflex Nikon D3200 <\/strong>avec lequel j&rsquo;ai commenc\u00e9 \u00e0 aimer la photographie, et <strong>un Nikon D7500<\/strong> <a href=\"https:\/\/est-en-ouest.fr\/index.php\/2020\/05\/01\/un-mois-au-japon\/\" data-type=\"link\" data-id=\"https:\/\/est-en-ouest.fr\/index.php\/2020\/05\/01\/un-mois-au-japon\/\" target=\"_blank\" rel=\"noreferrer noopener\">avec lequel je suis notamment parti au Japon<\/a>.<\/li>\n<\/ul>\n\n\n\n\n\n\n\n<ul class=\"wp-block-list\">\n<li><strong>Objectifs : <\/strong>Lorsque j&rsquo;\u00e9tais encore \u00e9quip\u00e9 de mon bo\u00eetier Nikon D7500, j&rsquo;avais accumul\u00e9 quelques objectifs sympas : un zoom polyvalent, des focales fixes de qualit\u00e9&#8230; En changeant de marque je dois enti\u00e8rement me r\u00e9\u00e9quiper ! Pour le moment je me contente d&rsquo;<strong>un Tamron 24-200mm pour mon bo\u00eetier Sony<\/strong>. J&rsquo;aime sa grande plage focale et sa grande ouverture (2.8) qui le rendent tr\u00e8s polyvalent en voyage. J&rsquo;ai \u00e9galement un <strong>Tamron 35 mm f\/2.8<\/strong> que j&rsquo;utilise surtout pour avoir un ensemble compact quand je pars en week-end pas tr\u00e8s loin de chez moi, o\u00f9 que <a href=\"https:\/\/est-en-ouest.fr\/index.php\/2024\/04\/06\/paris-mes-lieux-preferes-pour-faire-des-photos\/\">je me balade dans Paris<\/a>.<\/li>\n<\/ul>\n\n\n\n\n\n\n\n<ul class=\"wp-block-list\">\n<li><strong>T\u00e9l\u00e9phone portable : <\/strong>Oui, je liste mon smartphone dans le mat\u00e9riel photo et vid\u00e9o que j&rsquo;utilise, pour la simple et bonne raison qu&rsquo;il m&rsquo;est parfois plus pratique de le sortir que d&rsquo;utiliser un gros boitier hybride. C&rsquo;est particuli\u00e8rement le cas lorsque je veux faire un selfie, rester discret ou ne pas attirer l&rsquo;attention. Depuis deux ans, je recommande particuli\u00e8rement la gamme Google Pixel, notamment pour leurs qualit\u00e9s en photo et vid\u00e9o. J&rsquo;ai eu<strong> le Pixel 6<\/strong> (qui n&rsquo;a pas surv\u00e9cu \u00e0 une rando en montagne) et poss\u00e8de actuellement <strong>le Pixel 7a.<\/strong><\/li>\n<\/ul>\n\n\n\n\n\n\n\n<ul class=\"wp-block-list\">\n<li><strong>Accessoires <\/strong>: Un tr\u00e9pied relativement entr\u00e9e de gamme (j&rsquo;aime bien ceux avec un crochet entre les trois pieds, permettant de suspendre son sac \u00e0 dos et donc de stabiliser l&rsquo;ensemble), <strong>un tr\u00e9pied de type octopus<\/strong>, bien moins encombrant que le grand, des batteries de secours, des cartes SD&#8230;<\/li>\n<\/ul>\n\n\n\n<h2 class=\"wp-block-heading\">Vid\u00e9o<\/h2>\n\n\n\n<ul class=\"wp-block-list\">\n<li><strong>Cam\u00e9ra : <\/strong>J&rsquo;utilise mon appareil photo <strong>Sony Alpha 7RV<\/strong> ! J&rsquo;utilise \u00e9galement \u00e9norm\u00e9ment mon t\u00e9l\u00e9phone portable <strong>Google Pixel 7a<\/strong>. J&rsquo;ai eu un temps la petite cam\u00e9ra de poche stabilis\u00e9e <strong>FIMI Palm<\/strong> (premier mod\u00e8le), mais je l&rsquo;ai revendue assez rapidement car je trouvais que la qualit\u00e9 du son et des images en basse lumi\u00e8re n&rsquo;\u00e9taient pas \u00e0 la hauteur<\/li>\n<\/ul>\n\n\n\n<ul class=\"wp-block-list\">\n<li><strong>Stabilisateur :<\/strong> Avant de partir en Inde, j&rsquo;ai acquis le stabilisateur <strong>DJI Osmo Mobile 6<\/strong>. Je ne peux que recommander ce genre d&rsquo;appareils \u00e0 coupler avec son smartphone. Une fois repli\u00e9s, ils prennent vraiment peu de place et ils permettent vraiment d&rsquo;am\u00e9liorer significativement le rendu de vos vid\u00e9os. En revanche, je ne peux que conseiller de s&rsquo;entrainer un peu avant car il faut un peu le manier avant d&rsquo;obtenir de jolis mouvements.<\/li>\n<\/ul>\n\n\n\n<p><strong>Et c&rsquo;est tout (pour le moment) ! Finalement, mon sac n&rsquo;est vraiment pas si lourd ! Et vous, qu&#8217;emportez-vous avez vous en voyage ?<\/strong><\/p>\n","protected":false},"excerpt":{"rendered":"<p>Je ne sais pas si ce que j&rsquo;aime dans le voyage, c&rsquo;est de faire des photos&#8230; Ou si ce que j&rsquo;aime dans la photo, c&rsquo;est de voyager ! En tout cas, j&rsquo;ai toujours un peu de mat\u00e9riel avec moi pour immortaliser mes s\u00e9jours, voici, en gros, ce que j&rsquo;ai dans mon sac \u00e0 dos ! &#8230;<\/p>\n","protected":false},"author":1,"featured_media":1877,"comment_status":"open","ping_status":"open","sticky":false,"template":"","format":"standard","meta":{"loftocean_post_format_gallery":"","loftocean_post_format_gallery_ids":"","loftocean_post_format_gallery_urls":"","loftocean_post_format_video_id":0,"loftocean_post_format_video_url":"","loftocean_post_format_video_type":"","loftocean_post_format_video":"","loftocean_post_format_audio_type":"","loftocean_post_format_audio_url":"","loftocean_post_format_audio_id":0,"loftocean_post_format_audio":"","loftocean-featured-post":"","loftocean-like-count":89,"loftocean-view-count":1344,"loftocean-enable-content-navigation":"","loftocean-content-navigation-position":"","loftocean-content-navigation-heading":"","loftocean-content-navigation-label":"","loftocean-content-navigation-icon":"","loftocean-map-location":"","loftocean-map-latlng":"","loftocean-map-auto-latlng":"","eaven_single_post_hide_thumbnail":"","eaven_single_post_template":"","eaven_single_post_sidebar":"","eaven_hide_before_page_content_ad":"","eaven_hide_after_page_content_ad":"","eaven_advanced_classname":"","footnotes":""},"categories":[89,15,93,94],"tags":[],"class_list":{"0":"post-526","1":"post","2":"type-post","3":"status-publish","4":"format-standard","5":"has-post-thumbnail","7":"category-drone","8":"category-materiel","9":"category-photographie","10":"category-video"},"yoast_head":"<!-- This site is optimized with the Yoast SEO plugin v27.5 - https:\/\/yoast.com\/product\/yoast-seo-wordpress\/ -->\n<title>Photo et vid\u00e9o : quel est mon mat\u00e9riel en voyage ? &#8226; Est en Ouest<\/title>\n<meta name=\"description\" content=\"%\" \/>\n<meta name=\"robots\" content=\"index, follow, max-snippet:-1, max-image-preview:large, max-video-preview:-1\" \/>\n<link rel=\"canonical\" href=\"https:\/\/est-en-ouest.fr\/index.php\/2024\/04\/18\/photo-et-video-quel-est-mon-materiel-en-voyage\/\" \/>\n<meta property=\"og:locale\" content=\"fr_FR\" \/>\n<meta property=\"og:type\" content=\"article\" \/>\n<meta property=\"og:title\" content=\"Photo et vid\u00e9o : quel est mon mat\u00e9riel en voyage ? &#8226; Est en Ouest\" \/>\n<meta property=\"og:description\" content=\"%\" \/>\n<meta property=\"og:url\" content=\"https:\/\/est-en-ouest.fr\/index.php\/2024\/04\/18\/photo-et-video-quel-est-mon-materiel-en-voyage\/\" \/>\n<meta property=\"og:site_name\" content=\"Est en Ouest\" \/>\n<meta property=\"article:author\" content=\"https:\/\/www.facebook.com\/cyrille.add\/?_rdr\" \/>\n<meta property=\"article:published_time\" content=\"2024-04-18T03:58:39+00:00\" \/>\n<meta property=\"article:modified_time\" content=\"2025-05-08T22:35:05+00:00\" \/>\n<meta property=\"og:image\" content=\"https:\/\/est-en-ouest.fr\/wp-content\/uploads\/2025\/06\/image-site-est-en-ouest-blog-voyage-cyrille-ardaud-week-end-vacances-decouverte-aventure.jpg\" \/>\n\t<meta property=\"og:image:width\" content=\"1894\" \/>\n\t<meta property=\"og:image:height\" content=\"884\" \/>\n\t<meta property=\"og:image:type\" content=\"image\/jpeg\" \/>\n<meta name=\"author\" content=\"Cyrille\" \/>\n<meta name=\"twitter:card\" content=\"summary_large_image\" \/>\n<meta name=\"twitter:label1\" content=\"\u00c9crit par\" \/>\n\t<meta name=\"twitter:data1\" content=\"Cyrille\" \/>\n\t<meta name=\"twitter:label2\" content=\"Dur\u00e9e de lecture estim\u00e9e\" \/>\n\t<meta name=\"twitter:data2\" content=\"3 minutes\" \/>\n<script type=\"application\/ld+json\" class=\"yoast-schema-graph\">{\"@context\":\"https:\\\/\\\/schema.org\",\"@graph\":[{\"@type\":\"Article\",\"@id\":\"https:\\\/\\\/est-en-ouest.fr\\\/index.php\\\/2024\\\/04\\\/18\\\/photo-et-video-quel-est-mon-materiel-en-voyage\\\/#article\",\"isPartOf\":{\"@id\":\"https:\\\/\\\/est-en-ouest.fr\\\/index.php\\\/2024\\\/04\\\/18\\\/photo-et-video-quel-est-mon-materiel-en-voyage\\\/\"},\"author\":{\"name\":\"Cyrille\",\"@id\":\"https:\\\/\\\/est-en-ouest.fr\\\/#\\\/schema\\\/person\\\/a9bbc483a34bc570aa74f6b4425f8dfe\"},\"headline\":\"Photo et vid\u00e9o : quel est mon mat\u00e9riel en voyage ?\",\"datePublished\":\"2024-04-18T03:58:39+00:00\",\"dateModified\":\"2025-05-08T22:35:05+00:00\",\"mainEntityOfPage\":{\"@id\":\"https:\\\/\\\/est-en-ouest.fr\\\/index.php\\\/2024\\\/04\\\/18\\\/photo-et-video-quel-est-mon-materiel-en-voyage\\\/\"},\"wordCount\":658,\"commentCount\":2,\"publisher\":{\"@id\":\"https:\\\/\\\/est-en-ouest.fr\\\/#organization\"},\"image\":{\"@id\":\"https:\\\/\\\/est-en-ouest.fr\\\/index.php\\\/2024\\\/04\\\/18\\\/photo-et-video-quel-est-mon-materiel-en-voyage\\\/#primaryimage\"},\"thumbnailUrl\":\"https:\\\/\\\/est-en-ouest.fr\\\/wp-content\\\/uploads\\\/2024\\\/04\\\/old-1130730_1920-jpg.webp\",\"articleSection\":[\"Drone\",\"Mat\u00e9riel\",\"Photographie\",\"Vid\u00e9o\"],\"inLanguage\":\"fr-FR\",\"potentialAction\":[{\"@type\":\"CommentAction\",\"name\":\"Comment\",\"target\":[\"https:\\\/\\\/est-en-ouest.fr\\\/index.php\\\/2024\\\/04\\\/18\\\/photo-et-video-quel-est-mon-materiel-en-voyage\\\/#respond\"]}]},{\"@type\":\"WebPage\",\"@id\":\"https:\\\/\\\/est-en-ouest.fr\\\/index.php\\\/2024\\\/04\\\/18\\\/photo-et-video-quel-est-mon-materiel-en-voyage\\\/\",\"url\":\"https:\\\/\\\/est-en-ouest.fr\\\/index.php\\\/2024\\\/04\\\/18\\\/photo-et-video-quel-est-mon-materiel-en-voyage\\\/\",\"name\":\"Photo et vid\u00e9o : quel est mon mat\u00e9riel en voyage ? &#8226; Est en Ouest\",\"isPartOf\":{\"@id\":\"https:\\\/\\\/est-en-ouest.fr\\\/#website\"},\"primaryImageOfPage\":{\"@id\":\"https:\\\/\\\/est-en-ouest.fr\\\/index.php\\\/2024\\\/04\\\/18\\\/photo-et-video-quel-est-mon-materiel-en-voyage\\\/#primaryimage\"},\"image\":{\"@id\":\"https:\\\/\\\/est-en-ouest.fr\\\/index.php\\\/2024\\\/04\\\/18\\\/photo-et-video-quel-est-mon-materiel-en-voyage\\\/#primaryimage\"},\"thumbnailUrl\":\"https:\\\/\\\/est-en-ouest.fr\\\/wp-content\\\/uploads\\\/2024\\\/04\\\/old-1130730_1920-jpg.webp\",\"datePublished\":\"2024-04-18T03:58:39+00:00\",\"dateModified\":\"2025-05-08T22:35:05+00:00\",\"description\":\"%\",\"breadcrumb\":{\"@id\":\"https:\\\/\\\/est-en-ouest.fr\\\/index.php\\\/2024\\\/04\\\/18\\\/photo-et-video-quel-est-mon-materiel-en-voyage\\\/#breadcrumb\"},\"inLanguage\":\"fr-FR\",\"potentialAction\":[{\"@type\":\"ReadAction\",\"target\":[\"https:\\\/\\\/est-en-ouest.fr\\\/index.php\\\/2024\\\/04\\\/18\\\/photo-et-video-quel-est-mon-materiel-en-voyage\\\/\"]}]},{\"@type\":\"ImageObject\",\"inLanguage\":\"fr-FR\",\"@id\":\"https:\\\/\\\/est-en-ouest.fr\\\/index.php\\\/2024\\\/04\\\/18\\\/photo-et-video-quel-est-mon-materiel-en-voyage\\\/#primaryimage\",\"url\":\"https:\\\/\\\/est-en-ouest.fr\\\/wp-content\\\/uploads\\\/2024\\\/04\\\/old-1130730_1920-jpg.webp\",\"contentUrl\":\"https:\\\/\\\/est-en-ouest.fr\\\/wp-content\\\/uploads\\\/2024\\\/04\\\/old-1130730_1920-jpg.webp\",\"width\":1920,\"height\":1440,\"caption\":\"old-1130730_1920\"},{\"@type\":\"BreadcrumbList\",\"@id\":\"https:\\\/\\\/est-en-ouest.fr\\\/index.php\\\/2024\\\/04\\\/18\\\/photo-et-video-quel-est-mon-materiel-en-voyage\\\/#breadcrumb\",\"itemListElement\":[{\"@type\":\"ListItem\",\"position\":1,\"name\":\"Home\",\"item\":\"https:\\\/\\\/est-en-ouest.fr\\\/\"},{\"@type\":\"ListItem\",\"position\":2,\"name\":\"Photo et vid\u00e9o : quel est mon mat\u00e9riel en voyage ?\"}]},{\"@type\":\"WebSite\",\"@id\":\"https:\\\/\\\/est-en-ouest.fr\\\/#website\",\"url\":\"https:\\\/\\\/est-en-ouest.fr\\\/\",\"name\":\"Est en Ouest\",\"description\":\"Le monde est \u00e0 vous !\",\"publisher\":{\"@id\":\"https:\\\/\\\/est-en-ouest.fr\\\/#organization\"},\"alternateName\":\"Est-en-Ouest\",\"potentialAction\":[{\"@type\":\"SearchAction\",\"target\":{\"@type\":\"EntryPoint\",\"urlTemplate\":\"https:\\\/\\\/est-en-ouest.fr\\\/?s={search_term_string}\"},\"query-input\":{\"@type\":\"PropertyValueSpecification\",\"valueRequired\":true,\"valueName\":\"search_term_string\"}}],\"inLanguage\":\"fr-FR\"},{\"@type\":\"Organization\",\"@id\":\"https:\\\/\\\/est-en-ouest.fr\\\/#organization\",\"name\":\"Est en Ouest\",\"url\":\"https:\\\/\\\/est-en-ouest.fr\\\/\",\"logo\":{\"@type\":\"ImageObject\",\"inLanguage\":\"fr-FR\",\"@id\":\"https:\\\/\\\/est-en-ouest.fr\\\/#\\\/schema\\\/logo\\\/image\\\/\",\"url\":\"https:\\\/\\\/est-en-ouest.fr\\\/wp-content\\\/uploads\\\/2024\\\/04\\\/cropped-reiseburo-ferien-logo-2-e1713518003710-1.png\",\"contentUrl\":\"https:\\\/\\\/est-en-ouest.fr\\\/wp-content\\\/uploads\\\/2024\\\/04\\\/cropped-reiseburo-ferien-logo-2-e1713518003710-1.png\",\"width\":1216,\"height\":435,\"caption\":\"Est en Ouest\"},\"image\":{\"@id\":\"https:\\\/\\\/est-en-ouest.fr\\\/#\\\/schema\\\/logo\\\/image\\\/\"},\"sameAs\":[\"https:\\\/\\\/instagram.com\\\/cyrille.add\",\"https:\\\/\\\/www.youtube.com\\\/@cyrilleardaud\\\/?sub_confirmation=1\",\"https:\\\/\\\/fr.pinterest.com\\\/cyrilleardaud\\\/\",\"https:\\\/\\\/www.polarsteps.com\\\/CyrilleArdaud\\\/\"]},{\"@type\":\"Person\",\"@id\":\"https:\\\/\\\/est-en-ouest.fr\\\/#\\\/schema\\\/person\\\/a9bbc483a34bc570aa74f6b4425f8dfe\",\"name\":\"Cyrille\",\"image\":{\"@type\":\"ImageObject\",\"inLanguage\":\"fr-FR\",\"@id\":\"https:\\\/\\\/est-en-ouest.fr\\\/wp-content\\\/uploads\\\/2024\\\/04\\\/CYR7512-96x96.jpg\",\"url\":\"https:\\\/\\\/est-en-ouest.fr\\\/wp-content\\\/uploads\\\/2024\\\/04\\\/CYR7512-96x96.jpg\",\"contentUrl\":\"https:\\\/\\\/est-en-ouest.fr\\\/wp-content\\\/uploads\\\/2024\\\/04\\\/CYR7512-96x96.jpg\",\"caption\":\"Cyrille\"},\"description\":\"Je suis Cyrille, journaliste \u00e0 la radio, photographe et grand amateur de voyage. Ces derni\u00e8res ann\u00e9es, j'ai eu la chance de parcourir plusieurs pays qui m'ont particuli\u00e8rement marqu\u00e9. J'ai d\u00e9cid\u00e9 de cr\u00e9er Est-en-Ouest.fr pour partager mes r\u00e9cits et mes photos.\",\"sameAs\":[\"https:\\\/\\\/cyrilleardaud.fr\",\"https:\\\/\\\/www.facebook.com\\\/cyrille.add\\\/?_rdr\",\"https:\\\/\\\/instagram.com\\\/cyrille.add\",\"https:\\\/\\\/www.linkedin.com\\\/in\\\/cyrilleardaud\\\/?originalSubdomain=fr\",\"https:\\\/\\\/www.youtube.com\\\/@cyrilleardaud\"],\"url\":\"https:\\\/\\\/est-en-ouest.fr\\\/index.php\\\/author\\\/cyrille-ardaud\\\/\"}]}<\/script>\n<!-- \/ Yoast SEO plugin. -->","yoast_head_json":{"title":"Photo et vid\u00e9o : quel est mon mat\u00e9riel en voyage ? &#8226; Est en Ouest","description":"%","robots":{"index":"index","follow":"follow","max-snippet":"max-snippet:-1","max-image-preview":"max-image-preview:large","max-video-preview":"max-video-preview:-1"},"canonical":"https:\/\/est-en-ouest.fr\/index.php\/2024\/04\/18\/photo-et-video-quel-est-mon-materiel-en-voyage\/","og_locale":"fr_FR","og_type":"article","og_title":"Photo et vid\u00e9o : quel est mon mat\u00e9riel en voyage ? &#8226; Est en Ouest","og_description":"%","og_url":"https:\/\/est-en-ouest.fr\/index.php\/2024\/04\/18\/photo-et-video-quel-est-mon-materiel-en-voyage\/","og_site_name":"Est en Ouest","article_author":"https:\/\/www.facebook.com\/cyrille.add\/?_rdr","article_published_time":"2024-04-18T03:58:39+00:00","article_modified_time":"2025-05-08T22:35:05+00:00","og_image":[{"width":1894,"height":884,"url":"https:\/\/est-en-ouest.fr\/wp-content\/uploads\/2025\/06\/image-site-est-en-ouest-blog-voyage-cyrille-ardaud-week-end-vacances-decouverte-aventure.jpg","type":"image\/jpeg"}],"author":"Cyrille","twitter_card":"summary_large_image","twitter_misc":{"\u00c9crit par":"Cyrille","Dur\u00e9e de lecture estim\u00e9e":"3 minutes"},"schema":{"@context":"https:\/\/schema.org","@graph":[{"@type":"Article","@id":"https:\/\/est-en-ouest.fr\/index.php\/2024\/04\/18\/photo-et-video-quel-est-mon-materiel-en-voyage\/#article","isPartOf":{"@id":"https:\/\/est-en-ouest.fr\/index.php\/2024\/04\/18\/photo-et-video-quel-est-mon-materiel-en-voyage\/"},"author":{"name":"Cyrille","@id":"https:\/\/est-en-ouest.fr\/#\/schema\/person\/a9bbc483a34bc570aa74f6b4425f8dfe"},"headline":"Photo et vid\u00e9o : quel est mon mat\u00e9riel en voyage ?","datePublished":"2024-04-18T03:58:39+00:00","dateModified":"2025-05-08T22:35:05+00:00","mainEntityOfPage":{"@id":"https:\/\/est-en-ouest.fr\/index.php\/2024\/04\/18\/photo-et-video-quel-est-mon-materiel-en-voyage\/"},"wordCount":658,"commentCount":2,"publisher":{"@id":"https:\/\/est-en-ouest.fr\/#organization"},"image":{"@id":"https:\/\/est-en-ouest.fr\/index.php\/2024\/04\/18\/photo-et-video-quel-est-mon-materiel-en-voyage\/#primaryimage"},"thumbnailUrl":"https:\/\/est-en-ouest.fr\/wp-content\/uploads\/2024\/04\/old-1130730_1920-jpg.webp","articleSection":["Drone","Mat\u00e9riel","Photographie","Vid\u00e9o"],"inLanguage":"fr-FR","potentialAction":[{"@type":"CommentAction","name":"Comment","target":["https:\/\/est-en-ouest.fr\/index.php\/2024\/04\/18\/photo-et-video-quel-est-mon-materiel-en-voyage\/#respond"]}]},{"@type":"WebPage","@id":"https:\/\/est-en-ouest.fr\/index.php\/2024\/04\/18\/photo-et-video-quel-est-mon-materiel-en-voyage\/","url":"https:\/\/est-en-ouest.fr\/index.php\/2024\/04\/18\/photo-et-video-quel-est-mon-materiel-en-voyage\/","name":"Photo et vid\u00e9o : quel est mon mat\u00e9riel en voyage ? &#8226; Est en Ouest","isPartOf":{"@id":"https:\/\/est-en-ouest.fr\/#website"},"primaryImageOfPage":{"@id":"https:\/\/est-en-ouest.fr\/index.php\/2024\/04\/18\/photo-et-video-quel-est-mon-materiel-en-voyage\/#primaryimage"},"image":{"@id":"https:\/\/est-en-ouest.fr\/index.php\/2024\/04\/18\/photo-et-video-quel-est-mon-materiel-en-voyage\/#primaryimage"},"thumbnailUrl":"https:\/\/est-en-ouest.fr\/wp-content\/uploads\/2024\/04\/old-1130730_1920-jpg.webp","datePublished":"2024-04-18T03:58:39+00:00","dateModified":"2025-05-08T22:35:05+00:00","description":"%","breadcrumb":{"@id":"https:\/\/est-en-ouest.fr\/index.php\/2024\/04\/18\/photo-et-video-quel-est-mon-materiel-en-voyage\/#breadcrumb"},"inLanguage":"fr-FR","potentialAction":[{"@type":"ReadAction","target":["https:\/\/est-en-ouest.fr\/index.php\/2024\/04\/18\/photo-et-video-quel-est-mon-materiel-en-voyage\/"]}]},{"@type":"ImageObject","inLanguage":"fr-FR","@id":"https:\/\/est-en-ouest.fr\/index.php\/2024\/04\/18\/photo-et-video-quel-est-mon-materiel-en-voyage\/#primaryimage","url":"https:\/\/est-en-ouest.fr\/wp-content\/uploads\/2024\/04\/old-1130730_1920-jpg.webp","contentUrl":"https:\/\/est-en-ouest.fr\/wp-content\/uploads\/2024\/04\/old-1130730_1920-jpg.webp","width":1920,"height":1440,"caption":"old-1130730_1920"},{"@type":"BreadcrumbList","@id":"https:\/\/est-en-ouest.fr\/index.php\/2024\/04\/18\/photo-et-video-quel-est-mon-materiel-en-voyage\/#breadcrumb","itemListElement":[{"@type":"ListItem","position":1,"name":"Home","item":"https:\/\/est-en-ouest.fr\/"},{"@type":"ListItem","position":2,"name":"Photo et vid\u00e9o : quel est mon mat\u00e9riel en voyage ?"}]},{"@type":"WebSite","@id":"https:\/\/est-en-ouest.fr\/#website","url":"https:\/\/est-en-ouest.fr\/","name":"Est en Ouest","description":"Le monde est \u00e0 vous !","publisher":{"@id":"https:\/\/est-en-ouest.fr\/#organization"},"alternateName":"Est-en-Ouest","potentialAction":[{"@type":"SearchAction","target":{"@type":"EntryPoint","urlTemplate":"https:\/\/est-en-ouest.fr\/?s={search_term_string}"},"query-input":{"@type":"PropertyValueSpecification","valueRequired":true,"valueName":"search_term_string"}}],"inLanguage":"fr-FR"},{"@type":"Organization","@id":"https:\/\/est-en-ouest.fr\/#organization","name":"Est en Ouest","url":"https:\/\/est-en-ouest.fr\/","logo":{"@type":"ImageObject","inLanguage":"fr-FR","@id":"https:\/\/est-en-ouest.fr\/#\/schema\/logo\/image\/","url":"https:\/\/est-en-ouest.fr\/wp-content\/uploads\/2024\/04\/cropped-reiseburo-ferien-logo-2-e1713518003710-1.png","contentUrl":"https:\/\/est-en-ouest.fr\/wp-content\/uploads\/2024\/04\/cropped-reiseburo-ferien-logo-2-e1713518003710-1.png","width":1216,"height":435,"caption":"Est en Ouest"},"image":{"@id":"https:\/\/est-en-ouest.fr\/#\/schema\/logo\/image\/"},"sameAs":["https:\/\/instagram.com\/cyrille.add","https:\/\/www.youtube.com\/@cyrilleardaud\/?sub_confirmation=1","https:\/\/fr.pinterest.com\/cyrilleardaud\/","https:\/\/www.polarsteps.com\/CyrilleArdaud\/"]},{"@type":"Person","@id":"https:\/\/est-en-ouest.fr\/#\/schema\/person\/a9bbc483a34bc570aa74f6b4425f8dfe","name":"Cyrille","image":{"@type":"ImageObject","inLanguage":"fr-FR","@id":"https:\/\/est-en-ouest.fr\/wp-content\/uploads\/2024\/04\/CYR7512-96x96.jpg","url":"https:\/\/est-en-ouest.fr\/wp-content\/uploads\/2024\/04\/CYR7512-96x96.jpg","contentUrl":"https:\/\/est-en-ouest.fr\/wp-content\/uploads\/2024\/04\/CYR7512-96x96.jpg","caption":"Cyrille"},"description":"Je suis Cyrille, journaliste \u00e0 la radio, photographe et grand amateur de voyage. Ces derni\u00e8res ann\u00e9es, j'ai eu la chance de parcourir plusieurs pays qui m'ont particuli\u00e8rement marqu\u00e9. J'ai d\u00e9cid\u00e9 de cr\u00e9er Est-en-Ouest.fr pour partager mes r\u00e9cits et mes photos.","sameAs":["https:\/\/cyrilleardaud.fr","https:\/\/www.facebook.com\/cyrille.add\/?_rdr","https:\/\/instagram.com\/cyrille.add","https:\/\/www.linkedin.com\/in\/cyrilleardaud\/?originalSubdomain=fr","https:\/\/www.youtube.com\/@cyrilleardaud"],"url":"https:\/\/est-en-ouest.fr\/index.php\/author\/cyrille-ardaud\/"}]}},"_links":{"self":[{"href":"https:\/\/est-en-ouest.fr\/index.php\/wp-json\/wp\/v2\/posts\/526","targetHints":{"allow":["GET"]}}],"collection":[{"href":"https:\/\/est-en-ouest.fr\/index.php\/wp-json\/wp\/v2\/posts"}],"about":[{"href":"https:\/\/est-en-ouest.fr\/index.php\/wp-json\/wp\/v2\/types\/post"}],"author":[{"embeddable":true,"href":"https:\/\/est-en-ouest.fr\/index.php\/wp-json\/wp\/v2\/users\/1"}],"replies":[{"embeddable":true,"href":"https:\/\/est-en-ouest.fr\/index.php\/wp-json\/wp\/v2\/comments?post=526"}],"version-history":[{"count":14,"href":"https:\/\/est-en-ouest.fr\/index.php\/wp-json\/wp\/v2\/posts\/526\/revisions"}],"predecessor-version":[{"id":2833,"href":"https:\/\/est-en-ouest.fr\/index.php\/wp-json\/wp\/v2\/posts\/526\/revisions\/2833"}],"wp:featuredmedia":[{"embeddable":true,"href":"https:\/\/est-en-ouest.fr\/index.php\/wp-json\/wp\/v2\/media\/1877"}],"wp:attachment":[{"href":"https:\/\/est-en-ouest.fr\/index.php\/wp-json\/wp\/v2\/media?parent=526"}],"wp:term":[{"taxonomy":"category","embeddable":true,"href":"https:\/\/est-en-ouest.fr\/index.php\/wp-json\/wp\/v2\/categories?post=526"},{"taxonomy":"post_tag","embeddable":true,"href":"https:\/\/est-en-ouest.fr\/index.php\/wp-json\/wp\/v2\/tags?post=526"}],"curies":[{"name":"wp","href":"https:\/\/api.w.org\/{rel}","templated":true}]}}