{"id":3240,"date":"2025-07-17T07:46:32","date_gmt":"2025-07-17T05:46:32","guid":{"rendered":"https:\/\/est-en-ouest.fr\/?p=3240"},"modified":"2026-01-15T11:25:24","modified_gmt":"2026-01-15T10:25:24","slug":"une-histoire-damour-et-de-desert-podcast","status":"publish","type":"post","link":"https:\/\/est-en-ouest.fr\/index.php\/2025\/07\/17\/une-histoire-damour-et-de-desert-podcast\/","title":{"rendered":"\ud83c\udf99\ufe0f Madeline et Wissem : une histoire d&rsquo;amour et de d\u00e9sert [PODCAST]"},"content":{"rendered":"\n<p class=\"has-drop-cap\">Il y a des voyages qui ne ressemblent \u00e0 rien d\u2019autre. Des instants suspendus o\u00f9 le d\u00e9cor, les sensations et les rencontres s\u2019entrem\u00ealent pour r\u00e9\u00e9crire le cours d\u2019une vie. Dans ce premier \u00e9pisode du podcast<em> Le Battement du Monde<\/em>, Madeline nous emm\u00e8ne au creux du d\u00e9sert tunisien, l\u00e0 o\u00f9 elle a v\u00e9cu <strong>un coup de foudre inattendu<\/strong>, entre sable infini et \u00e9toiles \u00e9clatantes.<\/p>\n\n\n\n<iframe src=\"https:\/\/embed.acast.com\/6766e15fa977962b2e0460f4\/6841f81ec4b70577af4b167d?theme=light&#038;accentColor=161616&#038;bgColor=af753e&#038;secondaryColor=161616\" frameBorder=\"0\" width=\"100%\" height=\"190px\"><\/iframe>\n\n\n\n<p>Tout commence sur un coup de t\u00eate : une invitation de sa maman \u00e0<strong> f\u00eater la nouvelle ann\u00e9e dans le Sahara<\/strong>, loin <a href=\"https:\/\/est-en-ouest.fr\/index.php\/category\/destinations\/france\/\">des plages corses<\/a> et des horizons familiers. Madeline, encore \u00e9tudiante, <a href=\"https:\/\/est-en-ouest.fr\/index.php\/ou-et-quand-partir\/\">n\u2019a que peu voyag\u00e9 \u00e0 l\u2019\u00e9tranger<\/a>, mais quelque chose s\u2019allume en elle. L\u2019excitation d\u2019<strong>une aventure rare, la curiosit\u00e9 d\u2019un monde myst\u00e9rieux<\/strong>. En moins d\u2019un mois, elle obtient son passeport et s\u2019envole pour un d\u00e9paysement total. D\u00e8s l\u2019atterrissage, le choc des sens : le rythme diff\u00e9rent, la lumi\u00e8re particuli\u00e8re, l\u2019architecture, les visages, la nourriture, et surtout ce silence grandiose qui habite le d\u00e9sert. Pendant les quatre heures de route qui la m\u00e8nent dans le Grand Erg oriental, Madeline est coll\u00e9e \u00e0 la vitre, fascin\u00e9e par un paysage \u00e0 la fois d\u00e9sertique et vivant, ponctu\u00e9 d\u2019oasis et de petites dunes.<\/p>\n\n\n\n<p>Le campement est simple, presque brut, au c\u0153ur de cette immensit\u00e9 de sable. Pas de tente collective, mais une intimit\u00e9 respect\u00e9e :<strong> chacun dort \u00e0 la belle \u00e9toile dans un petit espace am\u00e9nag\u00e9,<\/strong> \u00e0 l\u2019abri du vent et des petites b\u00eates. La nuit est d\u2019un noir absolu, uniquement travers\u00e9e par la lumi\u00e8re des \u00e9toiles et la chaleur du feu. C\u2019est un autre monde, un retour \u00e0 l\u2019essentiel. Mais ce qui fait vibrer cette histoire, ce n\u2019est pas seulement le d\u00e9cor. <strong>C\u2019est la rencontre de Madeline avec Wisem<\/strong>, un jeune chamelier. Une rencontre qui d\u00e9fie tous les clich\u00e9s : Madeline s\u2019attendait \u00e0 des hommes \u00e2g\u00e9s, burin\u00e9s par le soleil, et se retrouve face \u00e0 un regard puissant, jeune et profond. Un coup de foudre imm\u00e9diat, qui traverse le silence du d\u00e9sert et les barri\u00e8res culturelles.<\/p>\n\n\n\n<h3 class=\"wp-block-heading\">Immensit\u00e9 et silence absolu<\/h3>\n\n\n\n<p>Au fil des jours, entre marches de plusieurs heures dans des paysages vari\u00e9s \u2014 dunes, plaines, oasis \u2014, leur lien grandit. <strong>Les regards parlent quand les mots manquent<\/strong>, les gestes deviennent un langage, et l\u2019appel du c\u0153ur efface les diff\u00e9rences. Dans ce r\u00e9cit, Madeline partage aussi l\u2019incroyable savoir-faire des chameliers, transmis de g\u00e9n\u00e9ration en g\u00e9n\u00e9ration, la mani\u00e8re dont ils choisissent chaque soir l\u2019emplacement id\u00e9al, la danse subtile entre le vent, la v\u00e9g\u00e9tation et le sable. Mais surtout, elle fait ressentir ce que signifie \u00eatre l\u00e0,<strong> seule face \u00e0 l\u2019immensit\u00e9, sentir la poussi\u00e8re sous ses pieds, go\u00fbter au silence absolu<\/strong>, admirer un coucher de soleil qui semble tomber jusqu\u2019au bout du monde, et s\u2019endormir sous un ciel \u00e9toil\u00e9 sans aucun bruit humain autour.<\/p>\n\n\n\n<p>Cet \u00e9pisode est <strong>un voyage sensoriel et \u00e9motionnel<\/strong>. Il donne envie d\u2019\u00e9chapper au tumulte, de partir \u00e0 la d\u00e9couverte d\u2019un territoire myst\u00e9rieux, mais aussi d\u2019ouvrir son c\u0153ur \u00e0 l\u2019inattendu.<\/p>\n\n\n\n<p>\ud83c\udfa7\u2764\ufe0f\ud83c\udf0d <strong>Envie d\u2019\u00eatre transport\u00e9 au milieu des dunes et de vivre ce premier coup de foudre au-del\u00e0 des mots ? Retrouvez le t\u00e9moignage complet de Madeline dans le premier \u00e9pisode du podcast Le Battement du Monde, disponible dans le lecteur en haut et en bas de la page, et sur <a href=\"http:\/\/bento.me\/lebattementdumonde\">toutes les applications de podcast<\/a> !<\/strong><\/p>\n\n\n\n<iframe width=\"560\" height=\"315\" src=\"https:\/\/www.youtube.com\/embed\/3oJJqI6I4nU?si=LOY4LamVHNI5Qn1Z\" title=\"YouTube video player\" frameborder=\"0\" allow=\"accelerometer; autoplay; clipboard-write; encrypted-media; gyroscope; picture-in-picture; web-share\" referrerpolicy=\"strict-origin-when-cross-origin\" allowfullscreen><\/iframe>\n","protected":false},"excerpt":{"rendered":"<p>Il y a des voyages qui ne ressemblent \u00e0 rien d\u2019autre. Des instants suspendus o\u00f9 le d\u00e9cor, les sensations et les rencontres s\u2019entrem\u00ealent pour r\u00e9\u00e9crire le cours d\u2019une vie. Dans ce premier \u00e9pisode du podcast Le Battement du Monde, Madeline nous emm\u00e8ne au creux du d\u00e9sert tunisien, l\u00e0 o\u00f9 elle a v\u00e9cu un coup de &#8230;<\/p>\n","protected":false},"author":1,"featured_media":3667,"comment_status":"open","ping_status":"open","sticky":false,"template":"","format":"standard","meta":{"loftocean_post_format_gallery":"","loftocean_post_format_gallery_ids":"","loftocean_post_format_gallery_urls":"","loftocean_post_format_video_id":0,"loftocean_post_format_video_url":"","loftocean_post_format_video_type":"","loftocean_post_format_video":"","loftocean_post_format_audio_type":"","loftocean_post_format_audio_url":"","loftocean_post_format_audio_id":0,"loftocean_post_format_audio":"","loftocean-featured-post":"","loftocean-like-count":10,"loftocean-view-count":1069,"loftocean-enable-content-navigation":"","loftocean-content-navigation-position":"","loftocean-content-navigation-heading":"","loftocean-content-navigation-label":"","loftocean-content-navigation-icon":"","loftocean-map-location":"","loftocean-map-latlng":"","loftocean-map-auto-latlng":"","eaven_single_post_hide_thumbnail":"","eaven_single_post_template":"","eaven_single_post_sidebar":"","eaven_hide_before_page_content_ad":"","eaven_hide_after_page_content_ad":"","eaven_advanced_classname":"","footnotes":""},"categories":[96,90],"tags":[95],"class_list":{"0":"post-3240","1":"post","2":"type-post","3":"status-publish","4":"format-standard","5":"has-post-thumbnail","7":"category-afrique","8":"category-podcast","9":"tag-tunisie"},"yoast_head":"<!-- This site is optimized with the Yoast SEO plugin v27.4 - https:\/\/yoast.com\/product\/yoast-seo-wordpress\/ -->\n<title>\ud83c\udf99\ufe0f Madeline et Wissem : une histoire d&#039;amour et de d\u00e9sert [PODCAST] &#8226; Est en Ouest<\/title>\n<meta name=\"description\" content=\"%\" \/>\n<meta name=\"robots\" content=\"index, follow, max-snippet:-1, max-image-preview:large, max-video-preview:-1\" \/>\n<link rel=\"canonical\" href=\"https:\/\/est-en-ouest.fr\/index.php\/2025\/07\/17\/une-histoire-damour-et-de-desert-podcast\/\" \/>\n<meta property=\"og:locale\" content=\"fr_FR\" \/>\n<meta property=\"og:type\" content=\"article\" \/>\n<meta property=\"og:title\" content=\"\ud83c\udf99\ufe0f Madeline et Wissem : une histoire d&#039;amour et de d\u00e9sert [PODCAST] &#8226; Est en Ouest\" \/>\n<meta property=\"og:description\" content=\"%\" \/>\n<meta property=\"og:url\" content=\"https:\/\/est-en-ouest.fr\/index.php\/2025\/07\/17\/une-histoire-damour-et-de-desert-podcast\/\" \/>\n<meta property=\"og:site_name\" content=\"Est en Ouest\" \/>\n<meta property=\"article:author\" content=\"https:\/\/www.facebook.com\/cyrille.add\/?_rdr\" \/>\n<meta property=\"article:published_time\" content=\"2025-07-17T05:46:32+00:00\" \/>\n<meta property=\"article:modified_time\" content=\"2026-01-15T10:25:24+00:00\" \/>\n<meta property=\"og:image\" content=\"https:\/\/est-en-ouest.fr\/wp-content\/uploads\/2025\/07\/Podcast-le-battement-du-monde-cyrille-ardaud-est-en-ouest-voyage-madeline-desert-amoureuse-tunisie-histoire-recit-trek-dromadaires.jpg\" \/>\n\t<meta property=\"og:image:width\" content=\"1920\" \/>\n\t<meta property=\"og:image:height\" content=\"1280\" \/>\n\t<meta property=\"og:image:type\" content=\"image\/jpeg\" \/>\n<meta name=\"author\" content=\"Cyrille\" \/>\n<meta name=\"twitter:card\" content=\"summary_large_image\" \/>\n<meta name=\"twitter:label1\" content=\"\u00c9crit par\" \/>\n\t<meta name=\"twitter:data1\" content=\"Cyrille\" \/>\n\t<meta name=\"twitter:label2\" content=\"Dur\u00e9e de lecture estim\u00e9e\" \/>\n\t<meta name=\"twitter:data2\" content=\"3 minutes\" \/>\n<script type=\"application\/ld+json\" class=\"yoast-schema-graph\">{\"@context\":\"https:\\\/\\\/schema.org\",\"@graph\":[{\"@type\":\"Article\",\"@id\":\"https:\\\/\\\/est-en-ouest.fr\\\/index.php\\\/2025\\\/07\\\/17\\\/une-histoire-damour-et-de-desert-podcast\\\/#article\",\"isPartOf\":{\"@id\":\"https:\\\/\\\/est-en-ouest.fr\\\/index.php\\\/2025\\\/07\\\/17\\\/une-histoire-damour-et-de-desert-podcast\\\/\"},\"author\":{\"name\":\"Cyrille\",\"@id\":\"https:\\\/\\\/est-en-ouest.fr\\\/#\\\/schema\\\/person\\\/a9bbc483a34bc570aa74f6b4425f8dfe\"},\"headline\":\"\ud83c\udf99\ufe0f Madeline et Wissem : une histoire d&rsquo;amour et de d\u00e9sert [PODCAST]\",\"datePublished\":\"2025-07-17T05:46:32+00:00\",\"dateModified\":\"2026-01-15T10:25:24+00:00\",\"mainEntityOfPage\":{\"@id\":\"https:\\\/\\\/est-en-ouest.fr\\\/index.php\\\/2025\\\/07\\\/17\\\/une-histoire-damour-et-de-desert-podcast\\\/\"},\"wordCount\":612,\"commentCount\":2,\"publisher\":{\"@id\":\"https:\\\/\\\/est-en-ouest.fr\\\/#organization\"},\"image\":{\"@id\":\"https:\\\/\\\/est-en-ouest.fr\\\/index.php\\\/2025\\\/07\\\/17\\\/une-histoire-damour-et-de-desert-podcast\\\/#primaryimage\"},\"thumbnailUrl\":\"https:\\\/\\\/est-en-ouest.fr\\\/wp-content\\\/uploads\\\/2025\\\/07\\\/Podcast-le-battement-du-monde-cyrille-ardaud-est-en-ouest-voyage-madeline-desert-amoureuse-tunisie-histoire-recit-trek-dromadaires.jpg\",\"keywords\":[\"Tunisie\"],\"articleSection\":[\"Afrique\",\"Podcast\"],\"inLanguage\":\"fr-FR\",\"potentialAction\":[{\"@type\":\"CommentAction\",\"name\":\"Comment\",\"target\":[\"https:\\\/\\\/est-en-ouest.fr\\\/index.php\\\/2025\\\/07\\\/17\\\/une-histoire-damour-et-de-desert-podcast\\\/#respond\"]}]},{\"@type\":\"WebPage\",\"@id\":\"https:\\\/\\\/est-en-ouest.fr\\\/index.php\\\/2025\\\/07\\\/17\\\/une-histoire-damour-et-de-desert-podcast\\\/\",\"url\":\"https:\\\/\\\/est-en-ouest.fr\\\/index.php\\\/2025\\\/07\\\/17\\\/une-histoire-damour-et-de-desert-podcast\\\/\",\"name\":\"\ud83c\udf99\ufe0f Madeline et Wissem : une histoire d'amour et de d\u00e9sert [PODCAST] &#8226; Est en Ouest\",\"isPartOf\":{\"@id\":\"https:\\\/\\\/est-en-ouest.fr\\\/#website\"},\"primaryImageOfPage\":{\"@id\":\"https:\\\/\\\/est-en-ouest.fr\\\/index.php\\\/2025\\\/07\\\/17\\\/une-histoire-damour-et-de-desert-podcast\\\/#primaryimage\"},\"image\":{\"@id\":\"https:\\\/\\\/est-en-ouest.fr\\\/index.php\\\/2025\\\/07\\\/17\\\/une-histoire-damour-et-de-desert-podcast\\\/#primaryimage\"},\"thumbnailUrl\":\"https:\\\/\\\/est-en-ouest.fr\\\/wp-content\\\/uploads\\\/2025\\\/07\\\/Podcast-le-battement-du-monde-cyrille-ardaud-est-en-ouest-voyage-madeline-desert-amoureuse-tunisie-histoire-recit-trek-dromadaires.jpg\",\"datePublished\":\"2025-07-17T05:46:32+00:00\",\"dateModified\":\"2026-01-15T10:25:24+00:00\",\"description\":\"%\",\"breadcrumb\":{\"@id\":\"https:\\\/\\\/est-en-ouest.fr\\\/index.php\\\/2025\\\/07\\\/17\\\/une-histoire-damour-et-de-desert-podcast\\\/#breadcrumb\"},\"inLanguage\":\"fr-FR\",\"potentialAction\":[{\"@type\":\"ReadAction\",\"target\":[\"https:\\\/\\\/est-en-ouest.fr\\\/index.php\\\/2025\\\/07\\\/17\\\/une-histoire-damour-et-de-desert-podcast\\\/\"]}]},{\"@type\":\"ImageObject\",\"inLanguage\":\"fr-FR\",\"@id\":\"https:\\\/\\\/est-en-ouest.fr\\\/index.php\\\/2025\\\/07\\\/17\\\/une-histoire-damour-et-de-desert-podcast\\\/#primaryimage\",\"url\":\"https:\\\/\\\/est-en-ouest.fr\\\/wp-content\\\/uploads\\\/2025\\\/07\\\/Podcast-le-battement-du-monde-cyrille-ardaud-est-en-ouest-voyage-madeline-desert-amoureuse-tunisie-histoire-recit-trek-dromadaires.jpg\",\"contentUrl\":\"https:\\\/\\\/est-en-ouest.fr\\\/wp-content\\\/uploads\\\/2025\\\/07\\\/Podcast-le-battement-du-monde-cyrille-ardaud-est-en-ouest-voyage-madeline-desert-amoureuse-tunisie-histoire-recit-trek-dromadaires.jpg\",\"width\":1920,\"height\":1280,\"caption\":\"Podcast le battement du monde cyrille ardaud est en ouest voyage madeline d\u00e9sert amoureuse tunisie histoire r\u00e9cit trek dromadaires\"},{\"@type\":\"BreadcrumbList\",\"@id\":\"https:\\\/\\\/est-en-ouest.fr\\\/index.php\\\/2025\\\/07\\\/17\\\/une-histoire-damour-et-de-desert-podcast\\\/#breadcrumb\",\"itemListElement\":[{\"@type\":\"ListItem\",\"position\":1,\"name\":\"Home\",\"item\":\"https:\\\/\\\/est-en-ouest.fr\\\/\"},{\"@type\":\"ListItem\",\"position\":2,\"name\":\"\ud83c\udf99\ufe0f Madeline et Wissem : une histoire d&rsquo;amour et de d\u00e9sert [PODCAST]\"}]},{\"@type\":\"WebSite\",\"@id\":\"https:\\\/\\\/est-en-ouest.fr\\\/#website\",\"url\":\"https:\\\/\\\/est-en-ouest.fr\\\/\",\"name\":\"Est en Ouest\",\"description\":\"Le monde est \u00e0 vous !\",\"publisher\":{\"@id\":\"https:\\\/\\\/est-en-ouest.fr\\\/#organization\"},\"alternateName\":\"Est-en-Ouest\",\"potentialAction\":[{\"@type\":\"SearchAction\",\"target\":{\"@type\":\"EntryPoint\",\"urlTemplate\":\"https:\\\/\\\/est-en-ouest.fr\\\/?s={search_term_string}\"},\"query-input\":{\"@type\":\"PropertyValueSpecification\",\"valueRequired\":true,\"valueName\":\"search_term_string\"}}],\"inLanguage\":\"fr-FR\"},{\"@type\":\"Organization\",\"@id\":\"https:\\\/\\\/est-en-ouest.fr\\\/#organization\",\"name\":\"Est en Ouest\",\"url\":\"https:\\\/\\\/est-en-ouest.fr\\\/\",\"logo\":{\"@type\":\"ImageObject\",\"inLanguage\":\"fr-FR\",\"@id\":\"https:\\\/\\\/est-en-ouest.fr\\\/#\\\/schema\\\/logo\\\/image\\\/\",\"url\":\"https:\\\/\\\/est-en-ouest.fr\\\/wp-content\\\/uploads\\\/2024\\\/04\\\/cropped-reiseburo-ferien-logo-2-e1713518003710-1.png\",\"contentUrl\":\"https:\\\/\\\/est-en-ouest.fr\\\/wp-content\\\/uploads\\\/2024\\\/04\\\/cropped-reiseburo-ferien-logo-2-e1713518003710-1.png\",\"width\":1216,\"height\":435,\"caption\":\"Est en Ouest\"},\"image\":{\"@id\":\"https:\\\/\\\/est-en-ouest.fr\\\/#\\\/schema\\\/logo\\\/image\\\/\"},\"sameAs\":[\"https:\\\/\\\/instagram.com\\\/cyrille.add\",\"https:\\\/\\\/www.youtube.com\\\/@cyrilleardaud\\\/?sub_confirmation=1\",\"https:\\\/\\\/fr.pinterest.com\\\/cyrilleardaud\\\/\",\"https:\\\/\\\/www.polarsteps.com\\\/CyrilleArdaud\\\/\"]},{\"@type\":\"Person\",\"@id\":\"https:\\\/\\\/est-en-ouest.fr\\\/#\\\/schema\\\/person\\\/a9bbc483a34bc570aa74f6b4425f8dfe\",\"name\":\"Cyrille\",\"image\":{\"@type\":\"ImageObject\",\"inLanguage\":\"fr-FR\",\"@id\":\"https:\\\/\\\/est-en-ouest.fr\\\/wp-content\\\/uploads\\\/2024\\\/04\\\/CYR7512-96x96.jpg\",\"url\":\"https:\\\/\\\/est-en-ouest.fr\\\/wp-content\\\/uploads\\\/2024\\\/04\\\/CYR7512-96x96.jpg\",\"contentUrl\":\"https:\\\/\\\/est-en-ouest.fr\\\/wp-content\\\/uploads\\\/2024\\\/04\\\/CYR7512-96x96.jpg\",\"caption\":\"Cyrille\"},\"description\":\"Je suis Cyrille, journaliste \u00e0 la radio, photographe et grand amateur de voyage. Ces derni\u00e8res ann\u00e9es, j'ai eu la chance de parcourir plusieurs pays qui m'ont particuli\u00e8rement marqu\u00e9. J'ai d\u00e9cid\u00e9 de cr\u00e9er Est-en-Ouest.fr pour partager mes r\u00e9cits et mes photos.\",\"sameAs\":[\"https:\\\/\\\/cyrilleardaud.fr\",\"https:\\\/\\\/www.facebook.com\\\/cyrille.add\\\/?_rdr\",\"https:\\\/\\\/instagram.com\\\/cyrille.add\",\"https:\\\/\\\/www.linkedin.com\\\/in\\\/cyrilleardaud\\\/?originalSubdomain=fr\",\"https:\\\/\\\/www.youtube.com\\\/@cyrilleardaud\"],\"url\":\"https:\\\/\\\/est-en-ouest.fr\\\/index.php\\\/author\\\/cyrille-ardaud\\\/\"}]}<\/script>\n<!-- \/ Yoast SEO plugin. -->","yoast_head_json":{"title":"\ud83c\udf99\ufe0f Madeline et Wissem : une histoire d'amour et de d\u00e9sert [PODCAST] &#8226; Est en Ouest","description":"%","robots":{"index":"index","follow":"follow","max-snippet":"max-snippet:-1","max-image-preview":"max-image-preview:large","max-video-preview":"max-video-preview:-1"},"canonical":"https:\/\/est-en-ouest.fr\/index.php\/2025\/07\/17\/une-histoire-damour-et-de-desert-podcast\/","og_locale":"fr_FR","og_type":"article","og_title":"\ud83c\udf99\ufe0f Madeline et Wissem : une histoire d'amour et de d\u00e9sert [PODCAST] &#8226; Est en Ouest","og_description":"%","og_url":"https:\/\/est-en-ouest.fr\/index.php\/2025\/07\/17\/une-histoire-damour-et-de-desert-podcast\/","og_site_name":"Est en Ouest","article_author":"https:\/\/www.facebook.com\/cyrille.add\/?_rdr","article_published_time":"2025-07-17T05:46:32+00:00","article_modified_time":"2026-01-15T10:25:24+00:00","og_image":[{"width":1920,"height":1280,"url":"https:\/\/est-en-ouest.fr\/wp-content\/uploads\/2025\/07\/Podcast-le-battement-du-monde-cyrille-ardaud-est-en-ouest-voyage-madeline-desert-amoureuse-tunisie-histoire-recit-trek-dromadaires.jpg","type":"image\/jpeg"}],"author":"Cyrille","twitter_card":"summary_large_image","twitter_misc":{"\u00c9crit par":"Cyrille","Dur\u00e9e de lecture estim\u00e9e":"3 minutes"},"schema":{"@context":"https:\/\/schema.org","@graph":[{"@type":"Article","@id":"https:\/\/est-en-ouest.fr\/index.php\/2025\/07\/17\/une-histoire-damour-et-de-desert-podcast\/#article","isPartOf":{"@id":"https:\/\/est-en-ouest.fr\/index.php\/2025\/07\/17\/une-histoire-damour-et-de-desert-podcast\/"},"author":{"name":"Cyrille","@id":"https:\/\/est-en-ouest.fr\/#\/schema\/person\/a9bbc483a34bc570aa74f6b4425f8dfe"},"headline":"\ud83c\udf99\ufe0f Madeline et Wissem : une histoire d&rsquo;amour et de d\u00e9sert [PODCAST]","datePublished":"2025-07-17T05:46:32+00:00","dateModified":"2026-01-15T10:25:24+00:00","mainEntityOfPage":{"@id":"https:\/\/est-en-ouest.fr\/index.php\/2025\/07\/17\/une-histoire-damour-et-de-desert-podcast\/"},"wordCount":612,"commentCount":2,"publisher":{"@id":"https:\/\/est-en-ouest.fr\/#organization"},"image":{"@id":"https:\/\/est-en-ouest.fr\/index.php\/2025\/07\/17\/une-histoire-damour-et-de-desert-podcast\/#primaryimage"},"thumbnailUrl":"https:\/\/est-en-ouest.fr\/wp-content\/uploads\/2025\/07\/Podcast-le-battement-du-monde-cyrille-ardaud-est-en-ouest-voyage-madeline-desert-amoureuse-tunisie-histoire-recit-trek-dromadaires.jpg","keywords":["Tunisie"],"articleSection":["Afrique","Podcast"],"inLanguage":"fr-FR","potentialAction":[{"@type":"CommentAction","name":"Comment","target":["https:\/\/est-en-ouest.fr\/index.php\/2025\/07\/17\/une-histoire-damour-et-de-desert-podcast\/#respond"]}]},{"@type":"WebPage","@id":"https:\/\/est-en-ouest.fr\/index.php\/2025\/07\/17\/une-histoire-damour-et-de-desert-podcast\/","url":"https:\/\/est-en-ouest.fr\/index.php\/2025\/07\/17\/une-histoire-damour-et-de-desert-podcast\/","name":"\ud83c\udf99\ufe0f Madeline et Wissem : une histoire d'amour et de d\u00e9sert [PODCAST] &#8226; Est en Ouest","isPartOf":{"@id":"https:\/\/est-en-ouest.fr\/#website"},"primaryImageOfPage":{"@id":"https:\/\/est-en-ouest.fr\/index.php\/2025\/07\/17\/une-histoire-damour-et-de-desert-podcast\/#primaryimage"},"image":{"@id":"https:\/\/est-en-ouest.fr\/index.php\/2025\/07\/17\/une-histoire-damour-et-de-desert-podcast\/#primaryimage"},"thumbnailUrl":"https:\/\/est-en-ouest.fr\/wp-content\/uploads\/2025\/07\/Podcast-le-battement-du-monde-cyrille-ardaud-est-en-ouest-voyage-madeline-desert-amoureuse-tunisie-histoire-recit-trek-dromadaires.jpg","datePublished":"2025-07-17T05:46:32+00:00","dateModified":"2026-01-15T10:25:24+00:00","description":"%","breadcrumb":{"@id":"https:\/\/est-en-ouest.fr\/index.php\/2025\/07\/17\/une-histoire-damour-et-de-desert-podcast\/#breadcrumb"},"inLanguage":"fr-FR","potentialAction":[{"@type":"ReadAction","target":["https:\/\/est-en-ouest.fr\/index.php\/2025\/07\/17\/une-histoire-damour-et-de-desert-podcast\/"]}]},{"@type":"ImageObject","inLanguage":"fr-FR","@id":"https:\/\/est-en-ouest.fr\/index.php\/2025\/07\/17\/une-histoire-damour-et-de-desert-podcast\/#primaryimage","url":"https:\/\/est-en-ouest.fr\/wp-content\/uploads\/2025\/07\/Podcast-le-battement-du-monde-cyrille-ardaud-est-en-ouest-voyage-madeline-desert-amoureuse-tunisie-histoire-recit-trek-dromadaires.jpg","contentUrl":"https:\/\/est-en-ouest.fr\/wp-content\/uploads\/2025\/07\/Podcast-le-battement-du-monde-cyrille-ardaud-est-en-ouest-voyage-madeline-desert-amoureuse-tunisie-histoire-recit-trek-dromadaires.jpg","width":1920,"height":1280,"caption":"Podcast le battement du monde cyrille ardaud est en ouest voyage madeline d\u00e9sert amoureuse tunisie histoire r\u00e9cit trek dromadaires"},{"@type":"BreadcrumbList","@id":"https:\/\/est-en-ouest.fr\/index.php\/2025\/07\/17\/une-histoire-damour-et-de-desert-podcast\/#breadcrumb","itemListElement":[{"@type":"ListItem","position":1,"name":"Home","item":"https:\/\/est-en-ouest.fr\/"},{"@type":"ListItem","position":2,"name":"\ud83c\udf99\ufe0f Madeline et Wissem : une histoire d&rsquo;amour et de d\u00e9sert [PODCAST]"}]},{"@type":"WebSite","@id":"https:\/\/est-en-ouest.fr\/#website","url":"https:\/\/est-en-ouest.fr\/","name":"Est en Ouest","description":"Le monde est \u00e0 vous !","publisher":{"@id":"https:\/\/est-en-ouest.fr\/#organization"},"alternateName":"Est-en-Ouest","potentialAction":[{"@type":"SearchAction","target":{"@type":"EntryPoint","urlTemplate":"https:\/\/est-en-ouest.fr\/?s={search_term_string}"},"query-input":{"@type":"PropertyValueSpecification","valueRequired":true,"valueName":"search_term_string"}}],"inLanguage":"fr-FR"},{"@type":"Organization","@id":"https:\/\/est-en-ouest.fr\/#organization","name":"Est en Ouest","url":"https:\/\/est-en-ouest.fr\/","logo":{"@type":"ImageObject","inLanguage":"fr-FR","@id":"https:\/\/est-en-ouest.fr\/#\/schema\/logo\/image\/","url":"https:\/\/est-en-ouest.fr\/wp-content\/uploads\/2024\/04\/cropped-reiseburo-ferien-logo-2-e1713518003710-1.png","contentUrl":"https:\/\/est-en-ouest.fr\/wp-content\/uploads\/2024\/04\/cropped-reiseburo-ferien-logo-2-e1713518003710-1.png","width":1216,"height":435,"caption":"Est en Ouest"},"image":{"@id":"https:\/\/est-en-ouest.fr\/#\/schema\/logo\/image\/"},"sameAs":["https:\/\/instagram.com\/cyrille.add","https:\/\/www.youtube.com\/@cyrilleardaud\/?sub_confirmation=1","https:\/\/fr.pinterest.com\/cyrilleardaud\/","https:\/\/www.polarsteps.com\/CyrilleArdaud\/"]},{"@type":"Person","@id":"https:\/\/est-en-ouest.fr\/#\/schema\/person\/a9bbc483a34bc570aa74f6b4425f8dfe","name":"Cyrille","image":{"@type":"ImageObject","inLanguage":"fr-FR","@id":"https:\/\/est-en-ouest.fr\/wp-content\/uploads\/2024\/04\/CYR7512-96x96.jpg","url":"https:\/\/est-en-ouest.fr\/wp-content\/uploads\/2024\/04\/CYR7512-96x96.jpg","contentUrl":"https:\/\/est-en-ouest.fr\/wp-content\/uploads\/2024\/04\/CYR7512-96x96.jpg","caption":"Cyrille"},"description":"Je suis Cyrille, journaliste \u00e0 la radio, photographe et grand amateur de voyage. Ces derni\u00e8res ann\u00e9es, j'ai eu la chance de parcourir plusieurs pays qui m'ont particuli\u00e8rement marqu\u00e9. J'ai d\u00e9cid\u00e9 de cr\u00e9er Est-en-Ouest.fr pour partager mes r\u00e9cits et mes photos.","sameAs":["https:\/\/cyrilleardaud.fr","https:\/\/www.facebook.com\/cyrille.add\/?_rdr","https:\/\/instagram.com\/cyrille.add","https:\/\/www.linkedin.com\/in\/cyrilleardaud\/?originalSubdomain=fr","https:\/\/www.youtube.com\/@cyrilleardaud"],"url":"https:\/\/est-en-ouest.fr\/index.php\/author\/cyrille-ardaud\/"}]}},"_links":{"self":[{"href":"https:\/\/est-en-ouest.fr\/index.php\/wp-json\/wp\/v2\/posts\/3240","targetHints":{"allow":["GET"]}}],"collection":[{"href":"https:\/\/est-en-ouest.fr\/index.php\/wp-json\/wp\/v2\/posts"}],"about":[{"href":"https:\/\/est-en-ouest.fr\/index.php\/wp-json\/wp\/v2\/types\/post"}],"author":[{"embeddable":true,"href":"https:\/\/est-en-ouest.fr\/index.php\/wp-json\/wp\/v2\/users\/1"}],"replies":[{"embeddable":true,"href":"https:\/\/est-en-ouest.fr\/index.php\/wp-json\/wp\/v2\/comments?post=3240"}],"version-history":[{"count":8,"href":"https:\/\/est-en-ouest.fr\/index.php\/wp-json\/wp\/v2\/posts\/3240\/revisions"}],"predecessor-version":[{"id":3250,"href":"https:\/\/est-en-ouest.fr\/index.php\/wp-json\/wp\/v2\/posts\/3240\/revisions\/3250"}],"wp:featuredmedia":[{"embeddable":true,"href":"https:\/\/est-en-ouest.fr\/index.php\/wp-json\/wp\/v2\/media\/3667"}],"wp:attachment":[{"href":"https:\/\/est-en-ouest.fr\/index.php\/wp-json\/wp\/v2\/media?parent=3240"}],"wp:term":[{"taxonomy":"category","embeddable":true,"href":"https:\/\/est-en-ouest.fr\/index.php\/wp-json\/wp\/v2\/categories?post=3240"},{"taxonomy":"post_tag","embeddable":true,"href":"https:\/\/est-en-ouest.fr\/index.php\/wp-json\/wp\/v2\/tags?post=3240"}],"curies":[{"name":"wp","href":"https:\/\/api.w.org\/{rel}","templated":true}]}}