{"id":2549,"date":"2025-05-20T04:42:10","date_gmt":"2025-05-20T02:42:10","guid":{"rendered":"https:\/\/est-en-ouest.fr\/?p=2549"},"modified":"2026-01-20T12:31:37","modified_gmt":"2026-01-20T11:31:37","slug":"vous-nen-croirez-pas-vos-yeux-les-plus-belles-vues-de-paris","status":"publish","type":"post","link":"https:\/\/est-en-ouest.fr\/index.php\/2025\/05\/20\/vous-nen-croirez-pas-vos-yeux-les-plus-belles-vues-de-paris\/","title":{"rendered":"O\u00f9 voir Paris d\u2019en haut ? Ma s\u00e9lection des meilleurs panoramas pour red\u00e9couvrir la ville"},"content":{"rendered":"\n<p><strong><a href=\"https:\/\/est-en-ouest.fr\/index.php\/2025\/05\/10\/english-version-where-to-see-paris-from-above-a-selection-of-the-best-panoramas-to-rediscover-the-city\/\">\ud83c\uddec\ud83c\udde7<\/a><\/strong> <strong><a href=\"https:\/\/est-en-ouest.fr\/index.php\/2025\/05\/10\/english-version-where-to-see-paris-from-above-a-selection-of-the-best-panoramas-to-rediscover-the-city\/\">There is an English version of this article. You can find it by clicking here.<\/a><\/strong><\/p>\n\n\n\n<p class=\"has-drop-cap dropcap square dark-bg\">J&rsquo;en parle r\u00e9guli\u00e8rement sur le site, mais<a href=\"https:\/\/est-en-ouest.fr\/index.php\/2024\/04\/06\/paris-mes-lieux-preferes-pour-faire-des-photos\/\"> je suis parisien depuis d\u00e9j\u00e0 plusieurs ann\u00e9es<\/a>. Si bien s\u00fbr <a href=\"https:\/\/est-en-ouest.fr\/index.php\/tag\/france\/\">les autres coins de France<\/a> et<strong> les destinations tout autour du monde <\/strong>m&rsquo;attirent \u00e0 chaque vacances, j&rsquo;aime \u00e9norm\u00e9ment visiter ma propre ville. Et ici comme ailleurs, ce que j&rsquo;aime le plus ce sont&#8230; les vues ! J&rsquo;adore prendre de la hauteur <strong>et avoir l&rsquo;impression d&rsquo;\u00eatre un oiseau<\/strong> (c&rsquo;est pour cela que <a href=\"https:\/\/est-en-ouest.fr\/index.php\/2024\/09\/09\/mon-premier-voyage-avec-un-drone-la-norvege\/\">je voyage d\u00e9sormais avec un drone<\/a>), scruter l&rsquo;horizon et tenter de reconnaitre les monuments. \u00c0 Paris, j&rsquo;ai eu l&rsquo;occasion d&rsquo;en d\u00e9couvrir quelques-unes. Voici ma s\u00e9lection avec des spots bien connus, et d&rsquo;autres plus confidentiels !<\/p>\n\n\n\n<h3 class=\"wp-block-heading\">La plus connue : la Tour Eiffel<\/h3>\n\n\n\n<p>Impossible de commencer cette s\u00e9lection sans \u00e9voquer <strong>la Tour Eiffel<\/strong>, le monument embl\u00e9matique de Paris et l\u2019un des meilleurs points de vue pour admirer la capitale. M\u00eame apr\u00e8s plusieurs ann\u00e9es \u00e0 arpenter la ville, je ressens toujours la m\u00eame excitation en gravissant ses \u00e9tages, comme si c\u2019\u00e9tait la premi\u00e8re fois. Prendre de la hauteur depuis la Dame de Fer <strong>offre un spectacle absolument saisissant<\/strong> : la Seine serpente entre les toits haussmanniens, le Trocad\u00e9ro d\u00e9ploie ses jardins en contrebas, et par temps clair, on aper\u00e7oit jusqu\u2019\u00e0 La D\u00e9fense d\u2019un c\u00f4t\u00e9, et le Sacr\u00e9-C\u0153ur perch\u00e9 sur Montmartre de l\u2019autre.<br>Ce qui rend cette vue unique, c\u2019est <strong>l\u2019impression d\u2019\u00eatre au c\u0153ur de Paris, litt\u00e9ralement entour\u00e9 par ses monuments les plus c\u00e9l\u00e8bres<\/strong>. Accessible en ascenseur ou, pour les plus courageux, par les escaliers, le dernier \u00e9tage culmine \u00e0 280 m\u00e8tres. L\u00e0-haut, une table d\u2019orientation permet de rep\u00e9rer les sites majeurs et de mieux comprendre la g\u00e9ographie parisienne. En fin de journ\u00e9e, lorsque le soleil se couche derri\u00e8re l\u2019Arc de Triomphe, les teintes dor\u00e9es qui embrasent la ville offrent un moment inoubliable \u2014 id\u00e9al pour capturer des clich\u00e9s sublimes !<\/p>\n\n\n\n<figure class=\"wp-block-gallery has-nested-images columns-6 is-cropped wp-block-gallery-1 is-layout-flex wp-block-gallery-is-layout-flex\">\n<figure class=\"wp-block-image size-large\"><a href=\"https:\/\/est-en-ouest.fr\/index.php\/2024\/11\/11\/vous-nen-croirez-pas-vos-yeux-les-plus-belles-vues-de-paris\/vue-tour-eiffel-paris-ile-de-france-coucher-soleil-cyrille-ardaud-est-en-ouest-blog-voyage-visiter-8\/\"><img data-dominant-color=\"7c5f50\" data-has-transparency=\"false\" style=\"--dominant-color: #7c5f50;\" decoding=\"async\" width=\"769\" height=\"1024\" sizes=\"(max-width: 769px) 100vw, 769px\" data-id=\"3035\" src=\"https:\/\/est-en-ouest.fr\/wp-content\/uploads\/2024\/11\/Vue-tour-eiffel-Paris-ile-de-france-coucher-soleil-cyrille-ardaud-est-en-ouest-blog-voyage-visiter-8-769x1024.jpg\" alt=\"\" class=\"wp-image-3035 not-transparent\" srcset=\"https:\/\/est-en-ouest.fr\/wp-content\/uploads\/2024\/11\/Vue-tour-eiffel-Paris-ile-de-france-coucher-soleil-cyrille-ardaud-est-en-ouest-blog-voyage-visiter-8-769x1024.jpg 769w, https:\/\/est-en-ouest.fr\/wp-content\/uploads\/2024\/11\/Vue-tour-eiffel-Paris-ile-de-france-coucher-soleil-cyrille-ardaud-est-en-ouest-blog-voyage-visiter-8-225x300.jpg 225w, https:\/\/est-en-ouest.fr\/wp-content\/uploads\/2024\/11\/Vue-tour-eiffel-Paris-ile-de-france-coucher-soleil-cyrille-ardaud-est-en-ouest-blog-voyage-visiter-8-768x1023.jpg 768w, https:\/\/est-en-ouest.fr\/wp-content\/uploads\/2024\/11\/Vue-tour-eiffel-Paris-ile-de-france-coucher-soleil-cyrille-ardaud-est-en-ouest-blog-voyage-visiter-8-1153x1536.jpg 1153w, https:\/\/est-en-ouest.fr\/wp-content\/uploads\/2024\/11\/Vue-tour-eiffel-Paris-ile-de-france-coucher-soleil-cyrille-ardaud-est-en-ouest-blog-voyage-visiter-8-1200x1599.jpg 1200w, https:\/\/est-en-ouest.fr\/wp-content\/uploads\/2024\/11\/Vue-tour-eiffel-Paris-ile-de-france-coucher-soleil-cyrille-ardaud-est-en-ouest-blog-voyage-visiter-8-600x799.jpg 600w, https:\/\/est-en-ouest.fr\/wp-content\/uploads\/2024\/11\/Vue-tour-eiffel-Paris-ile-de-france-coucher-soleil-cyrille-ardaud-est-en-ouest-blog-voyage-visiter-8.jpg 1441w\" \/><\/a><\/figure>\n\n\n\n<figure class=\"wp-block-image size-large\"><a href=\"https:\/\/est-en-ouest.fr\/index.php\/2024\/11\/11\/vous-nen-croirez-pas-vos-yeux-les-plus-belles-vues-de-paris\/vue-tour-eiffel-paris-ile-de-france-coucher-soleil-cyrille-ardaud-est-en-ouest-blog-voyage-visiter-1\/\"><img data-dominant-color=\"7c8280\" data-has-transparency=\"false\" style=\"--dominant-color: #7c8280;\" decoding=\"async\" width=\"1024\" height=\"683\" sizes=\"(max-width: 1024px) 100vw, 1024px\" data-id=\"3031\" src=\"https:\/\/est-en-ouest.fr\/wp-content\/uploads\/2024\/11\/Vue-tour-eiffel-Paris-ile-de-france-coucher-soleil-cyrille-ardaud-est-en-ouest-blog-voyage-visiter-1-1024x683.jpg\" alt=\"\" class=\"wp-image-3031 not-transparent\" srcset=\"https:\/\/est-en-ouest.fr\/wp-content\/uploads\/2024\/11\/Vue-tour-eiffel-Paris-ile-de-france-coucher-soleil-cyrille-ardaud-est-en-ouest-blog-voyage-visiter-1-1024x683.jpg 1024w, https:\/\/est-en-ouest.fr\/wp-content\/uploads\/2024\/11\/Vue-tour-eiffel-Paris-ile-de-france-coucher-soleil-cyrille-ardaud-est-en-ouest-blog-voyage-visiter-1-300x200.jpg 300w, https:\/\/est-en-ouest.fr\/wp-content\/uploads\/2024\/11\/Vue-tour-eiffel-Paris-ile-de-france-coucher-soleil-cyrille-ardaud-est-en-ouest-blog-voyage-visiter-1-768x512.jpg 768w, https:\/\/est-en-ouest.fr\/wp-content\/uploads\/2024\/11\/Vue-tour-eiffel-Paris-ile-de-france-coucher-soleil-cyrille-ardaud-est-en-ouest-blog-voyage-visiter-1-1536x1024.jpg 1536w, https:\/\/est-en-ouest.fr\/wp-content\/uploads\/2024\/11\/Vue-tour-eiffel-Paris-ile-de-france-coucher-soleil-cyrille-ardaud-est-en-ouest-blog-voyage-visiter-1-1440x960.jpg 1440w, https:\/\/est-en-ouest.fr\/wp-content\/uploads\/2024\/11\/Vue-tour-eiffel-Paris-ile-de-france-coucher-soleil-cyrille-ardaud-est-en-ouest-blog-voyage-visiter-1-1200x800.jpg 1200w, https:\/\/est-en-ouest.fr\/wp-content\/uploads\/2024\/11\/Vue-tour-eiffel-Paris-ile-de-france-coucher-soleil-cyrille-ardaud-est-en-ouest-blog-voyage-visiter-1-600x400.jpg 600w, https:\/\/est-en-ouest.fr\/wp-content\/uploads\/2024\/11\/Vue-tour-eiffel-Paris-ile-de-france-coucher-soleil-cyrille-ardaud-est-en-ouest-blog-voyage-visiter-1.jpg 1920w\" \/><\/a><\/figure>\n\n\n\n<figure class=\"wp-block-image size-large\"><a href=\"https:\/\/est-en-ouest.fr\/index.php\/2024\/11\/11\/vous-nen-croirez-pas-vos-yeux-les-plus-belles-vues-de-paris\/vue-tour-eiffel-paris-ile-de-france-coucher-soleil-cyrille-ardaud-est-en-ouest-blog-voyage-visiter-3\/\"><img data-dominant-color=\"666866\" data-has-transparency=\"false\" style=\"--dominant-color: #666866;\" decoding=\"async\" width=\"1024\" height=\"683\" sizes=\"(max-width: 1024px) 100vw, 1024px\" data-id=\"3033\" src=\"https:\/\/est-en-ouest.fr\/wp-content\/uploads\/2024\/11\/Vue-tour-eiffel-Paris-ile-de-france-coucher-soleil-cyrille-ardaud-est-en-ouest-blog-voyage-visiter-3-1024x683.jpg\" alt=\"\" class=\"wp-image-3033 not-transparent\" srcset=\"https:\/\/est-en-ouest.fr\/wp-content\/uploads\/2024\/11\/Vue-tour-eiffel-Paris-ile-de-france-coucher-soleil-cyrille-ardaud-est-en-ouest-blog-voyage-visiter-3-1024x683.jpg 1024w, https:\/\/est-en-ouest.fr\/wp-content\/uploads\/2024\/11\/Vue-tour-eiffel-Paris-ile-de-france-coucher-soleil-cyrille-ardaud-est-en-ouest-blog-voyage-visiter-3-300x200.jpg 300w, https:\/\/est-en-ouest.fr\/wp-content\/uploads\/2024\/11\/Vue-tour-eiffel-Paris-ile-de-france-coucher-soleil-cyrille-ardaud-est-en-ouest-blog-voyage-visiter-3-768x512.jpg 768w, https:\/\/est-en-ouest.fr\/wp-content\/uploads\/2024\/11\/Vue-tour-eiffel-Paris-ile-de-france-coucher-soleil-cyrille-ardaud-est-en-ouest-blog-voyage-visiter-3-1536x1024.jpg 1536w, https:\/\/est-en-ouest.fr\/wp-content\/uploads\/2024\/11\/Vue-tour-eiffel-Paris-ile-de-france-coucher-soleil-cyrille-ardaud-est-en-ouest-blog-voyage-visiter-3-1440x960.jpg 1440w, https:\/\/est-en-ouest.fr\/wp-content\/uploads\/2024\/11\/Vue-tour-eiffel-Paris-ile-de-france-coucher-soleil-cyrille-ardaud-est-en-ouest-blog-voyage-visiter-3-1200x800.jpg 1200w, https:\/\/est-en-ouest.fr\/wp-content\/uploads\/2024\/11\/Vue-tour-eiffel-Paris-ile-de-france-coucher-soleil-cyrille-ardaud-est-en-ouest-blog-voyage-visiter-3-600x400.jpg 600w, https:\/\/est-en-ouest.fr\/wp-content\/uploads\/2024\/11\/Vue-tour-eiffel-Paris-ile-de-france-coucher-soleil-cyrille-ardaud-est-en-ouest-blog-voyage-visiter-3.jpg 1920w\" \/><\/a><\/figure>\n\n\n\n<figure class=\"wp-block-image size-large\"><a href=\"https:\/\/est-en-ouest.fr\/index.php\/2024\/11\/11\/vous-nen-croirez-pas-vos-yeux-les-plus-belles-vues-de-paris\/vue-tour-eiffel-paris-ile-de-france-coucher-soleil-cyrille-ardaud-est-en-ouest-blog-voyage-visiter-4\/\"><img data-dominant-color=\"788189\" data-has-transparency=\"false\" style=\"--dominant-color: #788189;\" decoding=\"async\" width=\"1024\" height=\"683\" sizes=\"(max-width: 1024px) 100vw, 1024px\" data-id=\"3030\" src=\"https:\/\/est-en-ouest.fr\/wp-content\/uploads\/2024\/11\/Vue-tour-eiffel-Paris-ile-de-france-coucher-soleil-cyrille-ardaud-est-en-ouest-blog-voyage-visiter-4-1024x683.jpg\" alt=\"\" class=\"wp-image-3030 not-transparent\" srcset=\"https:\/\/est-en-ouest.fr\/wp-content\/uploads\/2024\/11\/Vue-tour-eiffel-Paris-ile-de-france-coucher-soleil-cyrille-ardaud-est-en-ouest-blog-voyage-visiter-4-1024x683.jpg 1024w, https:\/\/est-en-ouest.fr\/wp-content\/uploads\/2024\/11\/Vue-tour-eiffel-Paris-ile-de-france-coucher-soleil-cyrille-ardaud-est-en-ouest-blog-voyage-visiter-4-300x200.jpg 300w, https:\/\/est-en-ouest.fr\/wp-content\/uploads\/2024\/11\/Vue-tour-eiffel-Paris-ile-de-france-coucher-soleil-cyrille-ardaud-est-en-ouest-blog-voyage-visiter-4-768x512.jpg 768w, https:\/\/est-en-ouest.fr\/wp-content\/uploads\/2024\/11\/Vue-tour-eiffel-Paris-ile-de-france-coucher-soleil-cyrille-ardaud-est-en-ouest-blog-voyage-visiter-4-1536x1024.jpg 1536w, https:\/\/est-en-ouest.fr\/wp-content\/uploads\/2024\/11\/Vue-tour-eiffel-Paris-ile-de-france-coucher-soleil-cyrille-ardaud-est-en-ouest-blog-voyage-visiter-4-1440x960.jpg 1440w, https:\/\/est-en-ouest.fr\/wp-content\/uploads\/2024\/11\/Vue-tour-eiffel-Paris-ile-de-france-coucher-soleil-cyrille-ardaud-est-en-ouest-blog-voyage-visiter-4-1200x800.jpg 1200w, https:\/\/est-en-ouest.fr\/wp-content\/uploads\/2024\/11\/Vue-tour-eiffel-Paris-ile-de-france-coucher-soleil-cyrille-ardaud-est-en-ouest-blog-voyage-visiter-4-600x400.jpg 600w, https:\/\/est-en-ouest.fr\/wp-content\/uploads\/2024\/11\/Vue-tour-eiffel-Paris-ile-de-france-coucher-soleil-cyrille-ardaud-est-en-ouest-blog-voyage-visiter-4.jpg 1920w\" \/><\/a><\/figure>\n\n\n\n<figure class=\"wp-block-image size-large\"><a href=\"https:\/\/est-en-ouest.fr\/index.php\/2024\/11\/11\/vous-nen-croirez-pas-vos-yeux-les-plus-belles-vues-de-paris\/vue-tour-eiffel-paris-ile-de-france-coucher-soleil-cyrille-ardaud-est-en-ouest-blog-voyage-visiter-2\/\"><img data-dominant-color=\"7f7866\" data-has-transparency=\"false\" style=\"--dominant-color: #7f7866;\" decoding=\"async\" width=\"1024\" height=\"683\" sizes=\"(max-width: 1024px) 100vw, 1024px\" data-id=\"3032\" src=\"https:\/\/est-en-ouest.fr\/wp-content\/uploads\/2024\/11\/Vue-tour-eiffel-Paris-ile-de-france-coucher-soleil-cyrille-ardaud-est-en-ouest-blog-voyage-visiter-2-1024x683.jpg\" alt=\"\" class=\"wp-image-3032 not-transparent\" srcset=\"https:\/\/est-en-ouest.fr\/wp-content\/uploads\/2024\/11\/Vue-tour-eiffel-Paris-ile-de-france-coucher-soleil-cyrille-ardaud-est-en-ouest-blog-voyage-visiter-2-1024x683.jpg 1024w, https:\/\/est-en-ouest.fr\/wp-content\/uploads\/2024\/11\/Vue-tour-eiffel-Paris-ile-de-france-coucher-soleil-cyrille-ardaud-est-en-ouest-blog-voyage-visiter-2-300x200.jpg 300w, https:\/\/est-en-ouest.fr\/wp-content\/uploads\/2024\/11\/Vue-tour-eiffel-Paris-ile-de-france-coucher-soleil-cyrille-ardaud-est-en-ouest-blog-voyage-visiter-2-768x512.jpg 768w, https:\/\/est-en-ouest.fr\/wp-content\/uploads\/2024\/11\/Vue-tour-eiffel-Paris-ile-de-france-coucher-soleil-cyrille-ardaud-est-en-ouest-blog-voyage-visiter-2-1536x1024.jpg 1536w, https:\/\/est-en-ouest.fr\/wp-content\/uploads\/2024\/11\/Vue-tour-eiffel-Paris-ile-de-france-coucher-soleil-cyrille-ardaud-est-en-ouest-blog-voyage-visiter-2-1440x960.jpg 1440w, https:\/\/est-en-ouest.fr\/wp-content\/uploads\/2024\/11\/Vue-tour-eiffel-Paris-ile-de-france-coucher-soleil-cyrille-ardaud-est-en-ouest-blog-voyage-visiter-2-1200x800.jpg 1200w, https:\/\/est-en-ouest.fr\/wp-content\/uploads\/2024\/11\/Vue-tour-eiffel-Paris-ile-de-france-coucher-soleil-cyrille-ardaud-est-en-ouest-blog-voyage-visiter-2-600x400.jpg 600w, https:\/\/est-en-ouest.fr\/wp-content\/uploads\/2024\/11\/Vue-tour-eiffel-Paris-ile-de-france-coucher-soleil-cyrille-ardaud-est-en-ouest-blog-voyage-visiter-2.jpg 1920w\" \/><\/a><\/figure>\n\n\n\n<figure class=\"wp-block-image size-large\"><a href=\"https:\/\/est-en-ouest.fr\/index.php\/2024\/11\/11\/vous-nen-croirez-pas-vos-yeux-les-plus-belles-vues-de-paris\/vue-tour-eiffel-paris-ile-de-france-coucher-soleil-cyrille-ardaud-est-en-ouest-blog-voyage-visiter-5\/\"><img data-dominant-color=\"7f8e8a\" data-has-transparency=\"false\" style=\"--dominant-color: #7f8e8a;\" decoding=\"async\" width=\"1024\" height=\"678\" sizes=\"(max-width: 1024px) 100vw, 1024px\" data-id=\"3036\" src=\"https:\/\/est-en-ouest.fr\/wp-content\/uploads\/2024\/11\/Vue-tour-eiffel-Paris-ile-de-france-coucher-soleil-cyrille-ardaud-est-en-ouest-blog-voyage-visiter-5-1024x678.jpg\" alt=\"\" class=\"wp-image-3036 not-transparent\" srcset=\"https:\/\/est-en-ouest.fr\/wp-content\/uploads\/2024\/11\/Vue-tour-eiffel-Paris-ile-de-france-coucher-soleil-cyrille-ardaud-est-en-ouest-blog-voyage-visiter-5-1024x678.jpg 1024w, https:\/\/est-en-ouest.fr\/wp-content\/uploads\/2024\/11\/Vue-tour-eiffel-Paris-ile-de-france-coucher-soleil-cyrille-ardaud-est-en-ouest-blog-voyage-visiter-5-300x199.jpg 300w, https:\/\/est-en-ouest.fr\/wp-content\/uploads\/2024\/11\/Vue-tour-eiffel-Paris-ile-de-france-coucher-soleil-cyrille-ardaud-est-en-ouest-blog-voyage-visiter-5-768x509.jpg 768w, https:\/\/est-en-ouest.fr\/wp-content\/uploads\/2024\/11\/Vue-tour-eiffel-Paris-ile-de-france-coucher-soleil-cyrille-ardaud-est-en-ouest-blog-voyage-visiter-5-1536x1018.jpg 1536w, https:\/\/est-en-ouest.fr\/wp-content\/uploads\/2024\/11\/Vue-tour-eiffel-Paris-ile-de-france-coucher-soleil-cyrille-ardaud-est-en-ouest-blog-voyage-visiter-5-1440x954.jpg 1440w, https:\/\/est-en-ouest.fr\/wp-content\/uploads\/2024\/11\/Vue-tour-eiffel-Paris-ile-de-france-coucher-soleil-cyrille-ardaud-est-en-ouest-blog-voyage-visiter-5-1200x795.jpg 1200w, https:\/\/est-en-ouest.fr\/wp-content\/uploads\/2024\/11\/Vue-tour-eiffel-Paris-ile-de-france-coucher-soleil-cyrille-ardaud-est-en-ouest-blog-voyage-visiter-5-600x398.jpg 600w, https:\/\/est-en-ouest.fr\/wp-content\/uploads\/2024\/11\/Vue-tour-eiffel-Paris-ile-de-france-coucher-soleil-cyrille-ardaud-est-en-ouest-blog-voyage-visiter-5.jpg 1920w\" \/><\/a><\/figure>\n\n\n\n<figure class=\"wp-block-image size-large\"><a href=\"https:\/\/est-en-ouest.fr\/index.php\/2024\/11\/11\/vous-nen-croirez-pas-vos-yeux-les-plus-belles-vues-de-paris\/vue-tour-eiffel-paris-ile-de-france-coucher-soleil-cyrille-ardaud-est-en-ouest-blog-voyage-visiter-6\/\"><img data-dominant-color=\"656966\" data-has-transparency=\"false\" style=\"--dominant-color: #656966;\" decoding=\"async\" width=\"1024\" height=\"678\" sizes=\"(max-width: 1024px) 100vw, 1024px\" data-id=\"3037\" src=\"https:\/\/est-en-ouest.fr\/wp-content\/uploads\/2024\/11\/Vue-tour-eiffel-Paris-ile-de-france-coucher-soleil-cyrille-ardaud-est-en-ouest-blog-voyage-visiter-6-1024x678.jpg\" alt=\"\" class=\"wp-image-3037 not-transparent\" srcset=\"https:\/\/est-en-ouest.fr\/wp-content\/uploads\/2024\/11\/Vue-tour-eiffel-Paris-ile-de-france-coucher-soleil-cyrille-ardaud-est-en-ouest-blog-voyage-visiter-6-1024x678.jpg 1024w, https:\/\/est-en-ouest.fr\/wp-content\/uploads\/2024\/11\/Vue-tour-eiffel-Paris-ile-de-france-coucher-soleil-cyrille-ardaud-est-en-ouest-blog-voyage-visiter-6-300x199.jpg 300w, https:\/\/est-en-ouest.fr\/wp-content\/uploads\/2024\/11\/Vue-tour-eiffel-Paris-ile-de-france-coucher-soleil-cyrille-ardaud-est-en-ouest-blog-voyage-visiter-6-768x509.jpg 768w, https:\/\/est-en-ouest.fr\/wp-content\/uploads\/2024\/11\/Vue-tour-eiffel-Paris-ile-de-france-coucher-soleil-cyrille-ardaud-est-en-ouest-blog-voyage-visiter-6-1536x1018.jpg 1536w, https:\/\/est-en-ouest.fr\/wp-content\/uploads\/2024\/11\/Vue-tour-eiffel-Paris-ile-de-france-coucher-soleil-cyrille-ardaud-est-en-ouest-blog-voyage-visiter-6-1440x954.jpg 1440w, https:\/\/est-en-ouest.fr\/wp-content\/uploads\/2024\/11\/Vue-tour-eiffel-Paris-ile-de-france-coucher-soleil-cyrille-ardaud-est-en-ouest-blog-voyage-visiter-6-1200x795.jpg 1200w, https:\/\/est-en-ouest.fr\/wp-content\/uploads\/2024\/11\/Vue-tour-eiffel-Paris-ile-de-france-coucher-soleil-cyrille-ardaud-est-en-ouest-blog-voyage-visiter-6-600x398.jpg 600w, https:\/\/est-en-ouest.fr\/wp-content\/uploads\/2024\/11\/Vue-tour-eiffel-Paris-ile-de-france-coucher-soleil-cyrille-ardaud-est-en-ouest-blog-voyage-visiter-6.jpg 1920w\" \/><\/a><\/figure>\n\n\n\n<figure class=\"wp-block-image size-large\"><a href=\"https:\/\/est-en-ouest.fr\/index.php\/2024\/11\/11\/vous-nen-croirez-pas-vos-yeux-les-plus-belles-vues-de-paris\/vue-tour-eiffel-paris-ile-de-france-coucher-soleil-cyrille-ardaud-est-en-ouest-blog-voyage-visiter-7\/\"><img data-dominant-color=\"6e7f8a\" data-has-transparency=\"false\" style=\"--dominant-color: #6e7f8a;\" decoding=\"async\" width=\"1024\" height=\"393\" sizes=\"(max-width: 1024px) 100vw, 1024px\" data-id=\"3034\" src=\"https:\/\/est-en-ouest.fr\/wp-content\/uploads\/2024\/11\/Vue-tour-eiffel-Paris-ile-de-france-coucher-soleil-cyrille-ardaud-est-en-ouest-blog-voyage-visiter-7-1024x393.jpg\" alt=\"\" class=\"wp-image-3034 not-transparent\" srcset=\"https:\/\/est-en-ouest.fr\/wp-content\/uploads\/2024\/11\/Vue-tour-eiffel-Paris-ile-de-france-coucher-soleil-cyrille-ardaud-est-en-ouest-blog-voyage-visiter-7-1024x393.jpg 1024w, https:\/\/est-en-ouest.fr\/wp-content\/uploads\/2024\/11\/Vue-tour-eiffel-Paris-ile-de-france-coucher-soleil-cyrille-ardaud-est-en-ouest-blog-voyage-visiter-7-300x115.jpg 300w, https:\/\/est-en-ouest.fr\/wp-content\/uploads\/2024\/11\/Vue-tour-eiffel-Paris-ile-de-france-coucher-soleil-cyrille-ardaud-est-en-ouest-blog-voyage-visiter-7-768x295.jpg 768w, https:\/\/est-en-ouest.fr\/wp-content\/uploads\/2024\/11\/Vue-tour-eiffel-Paris-ile-de-france-coucher-soleil-cyrille-ardaud-est-en-ouest-blog-voyage-visiter-7-1536x590.jpg 1536w, https:\/\/est-en-ouest.fr\/wp-content\/uploads\/2024\/11\/Vue-tour-eiffel-Paris-ile-de-france-coucher-soleil-cyrille-ardaud-est-en-ouest-blog-voyage-visiter-7-1440x553.jpg 1440w, https:\/\/est-en-ouest.fr\/wp-content\/uploads\/2024\/11\/Vue-tour-eiffel-Paris-ile-de-france-coucher-soleil-cyrille-ardaud-est-en-ouest-blog-voyage-visiter-7-1200x461.jpg 1200w, https:\/\/est-en-ouest.fr\/wp-content\/uploads\/2024\/11\/Vue-tour-eiffel-Paris-ile-de-france-coucher-soleil-cyrille-ardaud-est-en-ouest-blog-voyage-visiter-7-600x230.jpg 600w, https:\/\/est-en-ouest.fr\/wp-content\/uploads\/2024\/11\/Vue-tour-eiffel-Paris-ile-de-france-coucher-soleil-cyrille-ardaud-est-en-ouest-blog-voyage-visiter-7.jpg 1920w\" \/><\/a><\/figure>\n<\/figure>\n\n\n\n<p>\ud83d\udca1<strong>Conseil pratique<\/strong> : pour \u00e9viter la foule, privil\u00e9giez une visite t\u00f4t le matin ou en soir\u00e9e. Et <a href=\"https:\/\/ticket.toureiffel.paris\/fr\" target=\"_blank\" rel=\"noreferrer noopener\">n\u2019oubliez pas de r\u00e9server vos billets en ligne<\/a> pour gagner du temps !<\/p>\n\n\n\n<h3 class=\"wp-block-heading\">La plus haute : la tour Montparnasse<\/h3>\n\n\n\n<p>On peut dire ce qu\u2019on veut sur <strong>la Tour Montparnasse<\/strong>, ce gratte-ciel de 210 m\u00e8tres souvent d\u00e9cri\u00e9 pour son architecture brute et son contraste avec l\u2019esth\u00e9tique parisienne\u2026 mais une chose est s\u00fbre : <strong>la vue depuis son sommet est l\u2019une des plus \u00e9poustouflantes de Paris<\/strong>. Et comme le disent les Parisiens avec humour, <em>\u00ab c\u2019est la plus belle vue de la ville, car c\u2019est la seule o\u00f9 l\u2019on ne voit pas la Tour Montparnasse ! \u00bb<\/em><br>Depuis l\u2019<strong>Observatoire Panoramique<\/strong> situ\u00e9 au 56\u1d49 \u00e9tage, puis sur la terrasse en plein air au 59\u1d49 \u00e9tage, on b\u00e9n\u00e9ficie d\u2019un panorama \u00e0 360\u00b0 spectaculaire. C\u2019est ici que l\u2019on r\u00e9alise pleinement l\u2019harmonie de Paris : la Tour Eiffel se d\u00e9tache majestueusement sur l\u2019horizon, les Invalides, le Louvre, la Seine et les grands boulevards se d\u00e9voilent comme sur une maquette g\u00e9ante. De jour comme de nuit, c\u2019est un spot r\u00eav\u00e9 pour les photographes et les amoureux de la ville-lumi\u00e8re. Une visite que je n&rsquo;ai pas encore eu l&rsquo;occasion de faire, mais qui est clairement sur ma liste !<\/p>\n\n\n\n<center><blockquote class=\"instagram-media\" data-instgrm-permalink=\"https:\/\/www.instagram.com\/reel\/DFYKoI1oWyl\/?utm_source=ig_embed&amp;utm_campaign=loading\" data-instgrm-version=\"14\" style=\" background:#FFF; border:0; border-radius:3px; box-shadow:0 0 1px 0 rgba(0,0,0,0.5),0 1px 10px 0 rgba(0,0,0,0.15); margin: 1px; max-width:540px; min-width:326px; padding:0; width:99.375%; width:-webkit-calc(100% - 2px); width:calc(100% - 2px);\"><div style=\"padding:16px;\"> <a href=\"https:\/\/www.instagram.com\/reel\/DFYKoI1oWyl\/?utm_source=ig_embed&amp;utm_campaign=loading\" style=\" background:#FFFFFF; line-height:0; padding:0 0; text-align:center; text-decoration:none; width:100%;\" target=\"_blank\"> <div style=\" display: flex; flex-direction: row; align-items: center;\"> <div style=\"background-color: #F4F4F4; border-radius: 50%; flex-grow: 0; height: 40px; margin-right: 14px; width: 40px;\"><\/div> <div style=\"display: flex; flex-direction: column; flex-grow: 1; justify-content: center;\"> <div style=\" background-color: #F4F4F4; border-radius: 4px; flex-grow: 0; height: 14px; margin-bottom: 6px; width: 100px;\"><\/div> <div style=\" background-color: #F4F4F4; border-radius: 4px; flex-grow: 0; height: 14px; width: 60px;\"><\/div><\/div><\/div><div style=\"padding: 19% 0;\"><\/div> <div style=\"display:block; height:50px; margin:0 auto 12px; width:50px;\"><svg width=\"50px\" height=\"50px\" viewBox=\"0 0 60 60\" version=\"1.1\" xmlns=\"https:\/\/www.w3.org\/2000\/svg\" xmlns:xlink=\"https:\/\/www.w3.org\/1999\/xlink\"><g stroke=\"none\" stroke-width=\"1\" fill=\"none\" fill-rule=\"evenodd\"><g transform=\"translate(-511.000000, -20.000000)\" fill=\"#000000\"><g><path d=\"M556.869,30.41 C554.814,30.41 553.148,32.076 553.148,34.131 C553.148,36.186 554.814,37.852 556.869,37.852 C558.924,37.852 560.59,36.186 560.59,34.131 C560.59,32.076 558.924,30.41 556.869,30.41 M541,60.657 C535.114,60.657 530.342,55.887 530.342,50 C530.342,44.114 535.114,39.342 541,39.342 C546.887,39.342 551.658,44.114 551.658,50 C551.658,55.887 546.887,60.657 541,60.657 M541,33.886 C532.1,33.886 524.886,41.1 524.886,50 C524.886,58.899 532.1,66.113 541,66.113 C549.9,66.113 557.115,58.899 557.115,50 C557.115,41.1 549.9,33.886 541,33.886 M565.378,62.101 C565.244,65.022 564.756,66.606 564.346,67.663 C563.803,69.06 563.154,70.057 562.106,71.106 C561.058,72.155 560.06,72.803 558.662,73.347 C557.607,73.757 556.021,74.244 553.102,74.378 C549.944,74.521 548.997,74.552 541,74.552 C533.003,74.552 532.056,74.521 528.898,74.378 C525.979,74.244 524.393,73.757 523.338,73.347 C521.94,72.803 520.942,72.155 519.894,71.106 C518.846,70.057 518.197,69.06 517.654,67.663 C517.244,66.606 516.755,65.022 516.623,62.101 C516.479,58.943 516.448,57.996 516.448,50 C516.448,42.003 516.479,41.056 516.623,37.899 C516.755,34.978 517.244,33.391 517.654,32.338 C518.197,30.938 518.846,29.942 519.894,28.894 C520.942,27.846 521.94,27.196 523.338,26.654 C524.393,26.244 525.979,25.756 528.898,25.623 C532.057,25.479 533.004,25.448 541,25.448 C548.997,25.448 549.943,25.479 553.102,25.623 C556.021,25.756 557.607,26.244 558.662,26.654 C560.06,27.196 561.058,27.846 562.106,28.894 C563.154,29.942 563.803,30.938 564.346,32.338 C564.756,33.391 565.244,34.978 565.378,37.899 C565.522,41.056 565.552,42.003 565.552,50 C565.552,57.996 565.522,58.943 565.378,62.101 M570.82,37.631 C570.674,34.438 570.167,32.258 569.425,30.349 C568.659,28.377 567.633,26.702 565.965,25.035 C564.297,23.368 562.623,22.342 560.652,21.575 C558.743,20.834 556.562,20.326 553.369,20.18 C550.169,20.033 549.148,20 541,20 C532.853,20 531.831,20.033 528.631,20.18 C525.438,20.326 523.257,20.834 521.349,21.575 C519.376,22.342 517.703,23.368 516.035,25.035 C514.368,26.702 513.342,28.377 512.574,30.349 C511.834,32.258 511.326,34.438 511.181,37.631 C511.035,40.831 511,41.851 511,50 C511,58.147 511.035,59.17 511.181,62.369 C511.326,65.562 511.834,67.743 512.574,69.651 C513.342,71.625 514.368,73.296 516.035,74.965 C517.703,76.634 519.376,77.658 521.349,78.425 C523.257,79.167 525.438,79.673 528.631,79.82 C531.831,79.965 532.853,80.001 541,80.001 C549.148,80.001 550.169,79.965 553.369,79.82 C556.562,79.673 558.743,79.167 560.652,78.425 C562.623,77.658 564.297,76.634 565.965,74.965 C567.633,73.296 568.659,71.625 569.425,69.651 C570.167,67.743 570.674,65.562 570.82,62.369 C570.966,59.17 571,58.147 571,50 C571,41.851 570.966,40.831 570.82,37.631\"><\/path><\/g><\/g><\/g><\/svg><\/div><div style=\"padding-top: 8px;\"> <div style=\" color:#3897f0; font-family:Arial,sans-serif; font-size:14px; font-style:normal; font-weight:550; line-height:18px;\">Voir cette publication sur Instagram<\/div><\/div><div style=\"padding: 12.5% 0;\"><\/div> <div style=\"display: flex; flex-direction: row; margin-bottom: 14px; align-items: center;\"><div> <div style=\"background-color: #F4F4F4; border-radius: 50%; height: 12.5px; width: 12.5px; transform: translateX(0px) translateY(7px);\"><\/div> <div style=\"background-color: #F4F4F4; height: 12.5px; transform: rotate(-45deg) translateX(3px) translateY(1px); width: 12.5px; flex-grow: 0; margin-right: 14px; margin-left: 2px;\"><\/div> <div style=\"background-color: #F4F4F4; border-radius: 50%; height: 12.5px; width: 12.5px; transform: translateX(9px) translateY(-18px);\"><\/div><\/div><div style=\"margin-left: 8px;\"> <div style=\" background-color: #F4F4F4; border-radius: 50%; flex-grow: 0; height: 20px; width: 20px;\"><\/div> <div style=\" width: 0; height: 0; border-top: 2px solid transparent; border-left: 6px solid #f4f4f4; border-bottom: 2px solid transparent; transform: translateX(16px) translateY(-4px) rotate(30deg)\"><\/div><\/div><div style=\"margin-left: auto;\"> <div style=\" width: 0px; border-top: 8px solid #F4F4F4; border-right: 8px solid transparent; transform: translateY(16px);\"><\/div> <div style=\" background-color: #F4F4F4; flex-grow: 0; height: 12px; width: 16px; transform: translateY(-4px);\"><\/div> <div style=\" width: 0; height: 0; border-top: 8px solid #F4F4F4; border-left: 8px solid transparent; transform: translateY(-4px) translateX(8px);\"><\/div><\/div><\/div> <div style=\"display: flex; flex-direction: column; flex-grow: 1; justify-content: center; margin-bottom: 24px;\"> <div style=\" background-color: #F4F4F4; border-radius: 4px; flex-grow: 0; height: 14px; margin-bottom: 6px; width: 224px;\"><\/div> <div style=\" background-color: #F4F4F4; border-radius: 4px; flex-grow: 0; height: 14px; width: 144px;\"><\/div><\/div><\/a><p style=\" color:#c9c8cd; font-family:Arial,sans-serif; font-size:14px; line-height:17px; margin-bottom:0; margin-top:8px; overflow:hidden; padding:8px 0 7px; text-align:center; text-overflow:ellipsis; white-space:nowrap;\"><a href=\"https:\/\/www.instagram.com\/reel\/DFYKoI1oWyl\/?utm_source=ig_embed&amp;utm_campaign=loading\" style=\" color:#c9c8cd; font-family:Arial,sans-serif; font-size:14px; font-style:normal; font-weight:normal; line-height:17px; text-decoration:none;\" target=\"_blank\">Une publication partag\u00e9e par Zefyr\uff5cPhotographe Paris\uff5cCinematic (@imzefyr)<\/a><\/p><\/div><\/blockquote>\n<script async src=\"\/\/www.instagram.com\/embed.js\"><\/script>\n\n\n\n<p class=\"has-text-align-left\">\ud83d\udca1<strong>Conseil pratique<\/strong> : venez au coucher du soleil pour capturer la Tour Eiffel qui s\u2019illumine progressivement. L\u2019acc\u00e8s est rapide gr\u00e2ce \u00e0 l\u2019ascenseur le plus rapide d\u2019Europe (38 secondes jusqu\u2019au 56\u1d49 \u00e9tage). Il existe aussi <a href=\"https:\/\/www.tourmontparnasse56.com\/fr\/billets\/\">un billet combin\u00e9 jour\/nuit<\/a> pour profiter du panorama \u00e0 diff\u00e9rents moments de la journ\u00e9e.<\/p>\n\n\n\n<h3 class=\"wp-block-heading has-text-align-left\">La plus belle (selon moi) : la tour Saint-Jacques<\/h3>\n\n\n\n<p class=\"has-text-align-left\">Nich\u00e9e en plein centre de Paris, au c\u0153ur du quartier anim\u00e9 de Ch\u00e2telet, <strong>la Tour Saint-Jacques<\/strong> est l\u2019un des secrets les mieux gard\u00e9s de la capitale pour admirer un panorama exceptionnel. Cette tour gothique, vestige solitaire d\u2019une ancienne \u00e9glise d\u00e9truite \u00e0 la R\u00e9volution, s\u2019\u00e9l\u00e8ve \u00e0 <strong>54 m\u00e8tres de hauteur<\/strong> et offre une vue \u00e0 couper le souffle sur les toits de Paris. Ce que j\u2019adore ici, c\u2019est l\u2019impression d\u2019\u00eatre suspendu entre pass\u00e9 et pr\u00e9sent : la tour est un vestige du Paris m\u00e9di\u00e9val, tandis qu\u2019\u00e0 l\u2019horizon se dressent les monuments iconiques comme <strong>Notre-Dame<\/strong>, le <strong>Centre Pompidou<\/strong>, la <strong>Sainte-Chapelle<\/strong>, mais aussi plus loin la Tour Eiffel ou Montmartre. L\u2019escalier en colima\u00e7on (300 marches environ) nous plonge dans l\u2019histoire, et l\u2019arriv\u00e9e au sommet, souvent en petit comit\u00e9 gr\u00e2ce aux visites guid\u00e9es limit\u00e9es, cr\u00e9e un moment presque intime avec la ville.<br>Moins fr\u00e9quent\u00e9e que la Tour Eiffel ou Montparnasse, <strong>la Tour Saint-Jacques<\/strong> s\u00e9duit par sa centralit\u00e9 et son authenticit\u00e9. Pour moi, c\u2019est l\u2019un des rares endroits o\u00f9 l\u2019on peut ressentir le Paris des si\u00e8cles pass\u00e9s tout en profitant d\u2019une vue moderne et d\u00e9gag\u00e9e.<\/p>\n\n\n\n<figure class=\"wp-block-gallery has-nested-images columns-4 is-cropped wp-block-gallery-2 is-layout-flex wp-block-gallery-is-layout-flex\">\n<figure class=\"wp-block-image size-large\"><a href=\"https:\/\/est-en-ouest.fr\/index.php\/2024\/11\/11\/vous-nen-croirez-pas-vos-yeux-les-plus-belles-vues-de-paris\/tour-saint-jacques-paris-ile-de-france-capitale-que-voir-que-faire-meilleure-vue-panorama-blog-cyrille-ardaud-est-en-ouest-4\/\"><img data-dominant-color=\"75624f\" data-has-transparency=\"false\" style=\"--dominant-color: #75624f;\" decoding=\"async\" width=\"683\" height=\"1024\" sizes=\"(max-width: 683px) 100vw, 683px\" data-id=\"3046\" src=\"https:\/\/est-en-ouest.fr\/wp-content\/uploads\/2024\/11\/Tour-Saint-Jacques-Paris-ile-de-france-capitale-que-voir-que-faire-meilleure-vue-panorama-blog-cyrille-ardaud-est-en-ouest-4-683x1024.jpg\" alt=\"\" class=\"wp-image-3046 not-transparent\" srcset=\"https:\/\/est-en-ouest.fr\/wp-content\/uploads\/2024\/11\/Tour-Saint-Jacques-Paris-ile-de-france-capitale-que-voir-que-faire-meilleure-vue-panorama-blog-cyrille-ardaud-est-en-ouest-4-683x1024.jpg 683w, https:\/\/est-en-ouest.fr\/wp-content\/uploads\/2024\/11\/Tour-Saint-Jacques-Paris-ile-de-france-capitale-que-voir-que-faire-meilleure-vue-panorama-blog-cyrille-ardaud-est-en-ouest-4-200x300.jpg 200w, https:\/\/est-en-ouest.fr\/wp-content\/uploads\/2024\/11\/Tour-Saint-Jacques-Paris-ile-de-france-capitale-que-voir-que-faire-meilleure-vue-panorama-blog-cyrille-ardaud-est-en-ouest-4-768x1152.jpg 768w, https:\/\/est-en-ouest.fr\/wp-content\/uploads\/2024\/11\/Tour-Saint-Jacques-Paris-ile-de-france-capitale-que-voir-que-faire-meilleure-vue-panorama-blog-cyrille-ardaud-est-en-ouest-4-1024x1536.jpg 1024w, https:\/\/est-en-ouest.fr\/wp-content\/uploads\/2024\/11\/Tour-Saint-Jacques-Paris-ile-de-france-capitale-que-voir-que-faire-meilleure-vue-panorama-blog-cyrille-ardaud-est-en-ouest-4-1200x1800.jpg 1200w, https:\/\/est-en-ouest.fr\/wp-content\/uploads\/2024\/11\/Tour-Saint-Jacques-Paris-ile-de-france-capitale-que-voir-que-faire-meilleure-vue-panorama-blog-cyrille-ardaud-est-en-ouest-4-600x900.jpg 600w, https:\/\/est-en-ouest.fr\/wp-content\/uploads\/2024\/11\/Tour-Saint-Jacques-Paris-ile-de-france-capitale-que-voir-que-faire-meilleure-vue-panorama-blog-cyrille-ardaud-est-en-ouest-4.jpg 1280w\" \/><\/a><\/figure>\n\n\n\n<figure class=\"wp-block-image size-large\"><a href=\"https:\/\/est-en-ouest.fr\/index.php\/2024\/11\/11\/vous-nen-croirez-pas-vos-yeux-les-plus-belles-vues-de-paris\/tour-saint-jacques-paris-ile-de-france-capitale-que-voir-que-faire-meilleure-vue-panorama-blog-cyrille-ardaud-est-en-ouest-3\/\"><img data-dominant-color=\"3f494c\" data-has-transparency=\"false\" style=\"--dominant-color: #3f494c;\" decoding=\"async\" width=\"669\" height=\"1024\" sizes=\"(max-width: 669px) 100vw, 669px\" data-id=\"3044\" src=\"https:\/\/est-en-ouest.fr\/wp-content\/uploads\/2024\/11\/Tour-Saint-Jacques-Paris-ile-de-france-capitale-que-voir-que-faire-meilleure-vue-panorama-blog-cyrille-ardaud-est-en-ouest-3-669x1024.jpg\" alt=\"\" class=\"wp-image-3044 not-transparent\" srcset=\"https:\/\/est-en-ouest.fr\/wp-content\/uploads\/2024\/11\/Tour-Saint-Jacques-Paris-ile-de-france-capitale-que-voir-que-faire-meilleure-vue-panorama-blog-cyrille-ardaud-est-en-ouest-3-669x1024.jpg 669w, https:\/\/est-en-ouest.fr\/wp-content\/uploads\/2024\/11\/Tour-Saint-Jacques-Paris-ile-de-france-capitale-que-voir-que-faire-meilleure-vue-panorama-blog-cyrille-ardaud-est-en-ouest-3-196x300.jpg 196w, https:\/\/est-en-ouest.fr\/wp-content\/uploads\/2024\/11\/Tour-Saint-Jacques-Paris-ile-de-france-capitale-que-voir-que-faire-meilleure-vue-panorama-blog-cyrille-ardaud-est-en-ouest-3-768x1176.jpg 768w, https:\/\/est-en-ouest.fr\/wp-content\/uploads\/2024\/11\/Tour-Saint-Jacques-Paris-ile-de-france-capitale-que-voir-que-faire-meilleure-vue-panorama-blog-cyrille-ardaud-est-en-ouest-3-1003x1536.jpg 1003w, https:\/\/est-en-ouest.fr\/wp-content\/uploads\/2024\/11\/Tour-Saint-Jacques-Paris-ile-de-france-capitale-que-voir-que-faire-meilleure-vue-panorama-blog-cyrille-ardaud-est-en-ouest-3-1200x1837.jpg 1200w, https:\/\/est-en-ouest.fr\/wp-content\/uploads\/2024\/11\/Tour-Saint-Jacques-Paris-ile-de-france-capitale-que-voir-que-faire-meilleure-vue-panorama-blog-cyrille-ardaud-est-en-ouest-3-600x919.jpg 600w, https:\/\/est-en-ouest.fr\/wp-content\/uploads\/2024\/11\/Tour-Saint-Jacques-Paris-ile-de-france-capitale-que-voir-que-faire-meilleure-vue-panorama-blog-cyrille-ardaud-est-en-ouest-3.jpg 1254w\" \/><\/a><\/figure>\n\n\n\n<figure class=\"wp-block-image size-large\"><a href=\"https:\/\/est-en-ouest.fr\/index.php\/2024\/11\/11\/vous-nen-croirez-pas-vos-yeux-les-plus-belles-vues-de-paris\/tour-saint-jacques-paris-ile-de-france-capitale-que-voir-que-faire-meilleure-vue-panorama-blog-cyrille-ardaud-est-en-ouest-5\/\"><img data-dominant-color=\"7a787c\" data-has-transparency=\"false\" style=\"--dominant-color: #7a787c;\" decoding=\"async\" width=\"1024\" height=\"691\" sizes=\"(max-width: 1024px) 100vw, 1024px\" data-id=\"3041\" src=\"https:\/\/est-en-ouest.fr\/wp-content\/uploads\/2024\/11\/Tour-Saint-Jacques-Paris-ile-de-france-capitale-que-voir-que-faire-meilleure-vue-panorama-blog-cyrille-ardaud-est-en-ouest-5-1024x691.jpg\" alt=\"\" class=\"wp-image-3041 not-transparent\" srcset=\"https:\/\/est-en-ouest.fr\/wp-content\/uploads\/2024\/11\/Tour-Saint-Jacques-Paris-ile-de-france-capitale-que-voir-que-faire-meilleure-vue-panorama-blog-cyrille-ardaud-est-en-ouest-5-1024x691.jpg 1024w, https:\/\/est-en-ouest.fr\/wp-content\/uploads\/2024\/11\/Tour-Saint-Jacques-Paris-ile-de-france-capitale-que-voir-que-faire-meilleure-vue-panorama-blog-cyrille-ardaud-est-en-ouest-5-300x202.jpg 300w, https:\/\/est-en-ouest.fr\/wp-content\/uploads\/2024\/11\/Tour-Saint-Jacques-Paris-ile-de-france-capitale-que-voir-que-faire-meilleure-vue-panorama-blog-cyrille-ardaud-est-en-ouest-5-768x518.jpg 768w, https:\/\/est-en-ouest.fr\/wp-content\/uploads\/2024\/11\/Tour-Saint-Jacques-Paris-ile-de-france-capitale-que-voir-que-faire-meilleure-vue-panorama-blog-cyrille-ardaud-est-en-ouest-5-1536x1036.jpg 1536w, https:\/\/est-en-ouest.fr\/wp-content\/uploads\/2024\/11\/Tour-Saint-Jacques-Paris-ile-de-france-capitale-que-voir-que-faire-meilleure-vue-panorama-blog-cyrille-ardaud-est-en-ouest-5-1440x971.jpg 1440w, https:\/\/est-en-ouest.fr\/wp-content\/uploads\/2024\/11\/Tour-Saint-Jacques-Paris-ile-de-france-capitale-que-voir-que-faire-meilleure-vue-panorama-blog-cyrille-ardaud-est-en-ouest-5-1200x809.jpg 1200w, https:\/\/est-en-ouest.fr\/wp-content\/uploads\/2024\/11\/Tour-Saint-Jacques-Paris-ile-de-france-capitale-que-voir-que-faire-meilleure-vue-panorama-blog-cyrille-ardaud-est-en-ouest-5-600x405.jpg 600w, https:\/\/est-en-ouest.fr\/wp-content\/uploads\/2024\/11\/Tour-Saint-Jacques-Paris-ile-de-france-capitale-que-voir-que-faire-meilleure-vue-panorama-blog-cyrille-ardaud-est-en-ouest-5.jpg 1920w\" \/><\/a><\/figure>\n\n\n\n<figure class=\"wp-block-image size-large\"><a href=\"https:\/\/est-en-ouest.fr\/index.php\/2024\/11\/11\/vous-nen-croirez-pas-vos-yeux-les-plus-belles-vues-de-paris\/tour-saint-jacques-paris-ile-de-france-capitale-que-voir-que-faire-meilleure-vue-panorama-blog-cyrille-ardaud-est-en-ouest-1\/\"><img data-dominant-color=\"847e79\" data-has-transparency=\"false\" style=\"--dominant-color: #847e79;\" decoding=\"async\" width=\"1024\" height=\"683\" sizes=\"(max-width: 1024px) 100vw, 1024px\" data-id=\"3045\" src=\"https:\/\/est-en-ouest.fr\/wp-content\/uploads\/2024\/11\/Tour-Saint-Jacques-Paris-ile-de-france-capitale-que-voir-que-faire-meilleure-vue-panorama-blog-cyrille-ardaud-est-en-ouest-1-1024x683.jpg\" alt=\"\" class=\"wp-image-3045 not-transparent\" srcset=\"https:\/\/est-en-ouest.fr\/wp-content\/uploads\/2024\/11\/Tour-Saint-Jacques-Paris-ile-de-france-capitale-que-voir-que-faire-meilleure-vue-panorama-blog-cyrille-ardaud-est-en-ouest-1-1024x683.jpg 1024w, https:\/\/est-en-ouest.fr\/wp-content\/uploads\/2024\/11\/Tour-Saint-Jacques-Paris-ile-de-france-capitale-que-voir-que-faire-meilleure-vue-panorama-blog-cyrille-ardaud-est-en-ouest-1-300x200.jpg 300w, https:\/\/est-en-ouest.fr\/wp-content\/uploads\/2024\/11\/Tour-Saint-Jacques-Paris-ile-de-france-capitale-que-voir-que-faire-meilleure-vue-panorama-blog-cyrille-ardaud-est-en-ouest-1-768x512.jpg 768w, https:\/\/est-en-ouest.fr\/wp-content\/uploads\/2024\/11\/Tour-Saint-Jacques-Paris-ile-de-france-capitale-que-voir-que-faire-meilleure-vue-panorama-blog-cyrille-ardaud-est-en-ouest-1-1536x1024.jpg 1536w, https:\/\/est-en-ouest.fr\/wp-content\/uploads\/2024\/11\/Tour-Saint-Jacques-Paris-ile-de-france-capitale-que-voir-que-faire-meilleure-vue-panorama-blog-cyrille-ardaud-est-en-ouest-1-1440x960.jpg 1440w, https:\/\/est-en-ouest.fr\/wp-content\/uploads\/2024\/11\/Tour-Saint-Jacques-Paris-ile-de-france-capitale-que-voir-que-faire-meilleure-vue-panorama-blog-cyrille-ardaud-est-en-ouest-1-1200x800.jpg 1200w, https:\/\/est-en-ouest.fr\/wp-content\/uploads\/2024\/11\/Tour-Saint-Jacques-Paris-ile-de-france-capitale-que-voir-que-faire-meilleure-vue-panorama-blog-cyrille-ardaud-est-en-ouest-1-600x400.jpg 600w, https:\/\/est-en-ouest.fr\/wp-content\/uploads\/2024\/11\/Tour-Saint-Jacques-Paris-ile-de-france-capitale-que-voir-que-faire-meilleure-vue-panorama-blog-cyrille-ardaud-est-en-ouest-1.jpg 1920w\" \/><\/a><\/figure>\n\n\n\n<figure class=\"wp-block-image size-large\"><a href=\"https:\/\/est-en-ouest.fr\/index.php\/2024\/11\/11\/vous-nen-croirez-pas-vos-yeux-les-plus-belles-vues-de-paris\/tour-saint-jacques-paris-ile-de-france-capitale-que-voir-que-faire-meilleure-vue-panorama-blog-cyrille-ardaud-est-en-ouest-2\/\"><img data-dominant-color=\"a3795c\" data-has-transparency=\"false\" style=\"--dominant-color: #a3795c;\" decoding=\"async\" width=\"1024\" height=\"683\" sizes=\"(max-width: 1024px) 100vw, 1024px\" data-id=\"3047\" src=\"https:\/\/est-en-ouest.fr\/wp-content\/uploads\/2024\/11\/Tour-Saint-Jacques-Paris-ile-de-france-capitale-que-voir-que-faire-meilleure-vue-panorama-blog-cyrille-ardaud-est-en-ouest-2-1024x683.jpg\" alt=\"\" class=\"wp-image-3047 not-transparent\" srcset=\"https:\/\/est-en-ouest.fr\/wp-content\/uploads\/2024\/11\/Tour-Saint-Jacques-Paris-ile-de-france-capitale-que-voir-que-faire-meilleure-vue-panorama-blog-cyrille-ardaud-est-en-ouest-2-1024x683.jpg 1024w, https:\/\/est-en-ouest.fr\/wp-content\/uploads\/2024\/11\/Tour-Saint-Jacques-Paris-ile-de-france-capitale-que-voir-que-faire-meilleure-vue-panorama-blog-cyrille-ardaud-est-en-ouest-2-300x200.jpg 300w, https:\/\/est-en-ouest.fr\/wp-content\/uploads\/2024\/11\/Tour-Saint-Jacques-Paris-ile-de-france-capitale-que-voir-que-faire-meilleure-vue-panorama-blog-cyrille-ardaud-est-en-ouest-2-768x512.jpg 768w, https:\/\/est-en-ouest.fr\/wp-content\/uploads\/2024\/11\/Tour-Saint-Jacques-Paris-ile-de-france-capitale-que-voir-que-faire-meilleure-vue-panorama-blog-cyrille-ardaud-est-en-ouest-2-1536x1024.jpg 1536w, https:\/\/est-en-ouest.fr\/wp-content\/uploads\/2024\/11\/Tour-Saint-Jacques-Paris-ile-de-france-capitale-que-voir-que-faire-meilleure-vue-panorama-blog-cyrille-ardaud-est-en-ouest-2-1440x960.jpg 1440w, https:\/\/est-en-ouest.fr\/wp-content\/uploads\/2024\/11\/Tour-Saint-Jacques-Paris-ile-de-france-capitale-que-voir-que-faire-meilleure-vue-panorama-blog-cyrille-ardaud-est-en-ouest-2-1200x800.jpg 1200w, https:\/\/est-en-ouest.fr\/wp-content\/uploads\/2024\/11\/Tour-Saint-Jacques-Paris-ile-de-france-capitale-que-voir-que-faire-meilleure-vue-panorama-blog-cyrille-ardaud-est-en-ouest-2-600x400.jpg 600w, https:\/\/est-en-ouest.fr\/wp-content\/uploads\/2024\/11\/Tour-Saint-Jacques-Paris-ile-de-france-capitale-que-voir-que-faire-meilleure-vue-panorama-blog-cyrille-ardaud-est-en-ouest-2.jpg 1920w\" \/><\/a><\/figure>\n\n\n\n<figure class=\"wp-block-image size-large\"><a href=\"https:\/\/est-en-ouest.fr\/index.php\/2024\/11\/11\/vous-nen-croirez-pas-vos-yeux-les-plus-belles-vues-de-paris\/tour-saint-jacques-paris-ile-de-france-capitale-que-voir-que-faire-meilleure-vue-panorama-blog-cyrille-ardaud-est-en-ouest-6\/\"><img data-dominant-color=\"a4927d\" data-has-transparency=\"false\" style=\"--dominant-color: #a4927d;\" decoding=\"async\" width=\"683\" height=\"1024\" sizes=\"(max-width: 683px) 100vw, 683px\" data-id=\"3043\" src=\"https:\/\/est-en-ouest.fr\/wp-content\/uploads\/2024\/11\/Tour-Saint-Jacques-Paris-ile-de-france-capitale-que-voir-que-faire-meilleure-vue-panorama-blog-cyrille-ardaud-est-en-ouest-6-683x1024.jpg\" alt=\"\" class=\"wp-image-3043 not-transparent\" srcset=\"https:\/\/est-en-ouest.fr\/wp-content\/uploads\/2024\/11\/Tour-Saint-Jacques-Paris-ile-de-france-capitale-que-voir-que-faire-meilleure-vue-panorama-blog-cyrille-ardaud-est-en-ouest-6-683x1024.jpg 683w, https:\/\/est-en-ouest.fr\/wp-content\/uploads\/2024\/11\/Tour-Saint-Jacques-Paris-ile-de-france-capitale-que-voir-que-faire-meilleure-vue-panorama-blog-cyrille-ardaud-est-en-ouest-6-200x300.jpg 200w, https:\/\/est-en-ouest.fr\/wp-content\/uploads\/2024\/11\/Tour-Saint-Jacques-Paris-ile-de-france-capitale-que-voir-que-faire-meilleure-vue-panorama-blog-cyrille-ardaud-est-en-ouest-6-768x1152.jpg 768w, https:\/\/est-en-ouest.fr\/wp-content\/uploads\/2024\/11\/Tour-Saint-Jacques-Paris-ile-de-france-capitale-que-voir-que-faire-meilleure-vue-panorama-blog-cyrille-ardaud-est-en-ouest-6-1024x1536.jpg 1024w, https:\/\/est-en-ouest.fr\/wp-content\/uploads\/2024\/11\/Tour-Saint-Jacques-Paris-ile-de-france-capitale-que-voir-que-faire-meilleure-vue-panorama-blog-cyrille-ardaud-est-en-ouest-6-1200x1800.jpg 1200w, https:\/\/est-en-ouest.fr\/wp-content\/uploads\/2024\/11\/Tour-Saint-Jacques-Paris-ile-de-france-capitale-que-voir-que-faire-meilleure-vue-panorama-blog-cyrille-ardaud-est-en-ouest-6-600x900.jpg 600w, https:\/\/est-en-ouest.fr\/wp-content\/uploads\/2024\/11\/Tour-Saint-Jacques-Paris-ile-de-france-capitale-que-voir-que-faire-meilleure-vue-panorama-blog-cyrille-ardaud-est-en-ouest-6.jpg 1280w\" \/><\/a><\/figure>\n\n\n\n<figure class=\"wp-block-image size-large\"><a href=\"https:\/\/est-en-ouest.fr\/index.php\/2024\/11\/11\/vous-nen-croirez-pas-vos-yeux-les-plus-belles-vues-de-paris\/tour-saint-jacques-paris-ile-de-france-capitale-que-voir-que-faire-meilleure-vue-panorama-blog-cyrille-ardaud-est-en-ouest-7\/\"><img data-dominant-color=\"947e65\" data-has-transparency=\"false\" style=\"--dominant-color: #947e65;\" decoding=\"async\" width=\"683\" height=\"1024\" sizes=\"(max-width: 683px) 100vw, 683px\" data-id=\"3042\" src=\"https:\/\/est-en-ouest.fr\/wp-content\/uploads\/2024\/11\/Tour-Saint-Jacques-Paris-ile-de-france-capitale-que-voir-que-faire-meilleure-vue-panorama-blog-cyrille-ardaud-est-en-ouest-7-683x1024.jpg\" alt=\"\" class=\"wp-image-3042 not-transparent\" srcset=\"https:\/\/est-en-ouest.fr\/wp-content\/uploads\/2024\/11\/Tour-Saint-Jacques-Paris-ile-de-france-capitale-que-voir-que-faire-meilleure-vue-panorama-blog-cyrille-ardaud-est-en-ouest-7-683x1024.jpg 683w, https:\/\/est-en-ouest.fr\/wp-content\/uploads\/2024\/11\/Tour-Saint-Jacques-Paris-ile-de-france-capitale-que-voir-que-faire-meilleure-vue-panorama-blog-cyrille-ardaud-est-en-ouest-7-200x300.jpg 200w, https:\/\/est-en-ouest.fr\/wp-content\/uploads\/2024\/11\/Tour-Saint-Jacques-Paris-ile-de-france-capitale-que-voir-que-faire-meilleure-vue-panorama-blog-cyrille-ardaud-est-en-ouest-7-768x1152.jpg 768w, https:\/\/est-en-ouest.fr\/wp-content\/uploads\/2024\/11\/Tour-Saint-Jacques-Paris-ile-de-france-capitale-que-voir-que-faire-meilleure-vue-panorama-blog-cyrille-ardaud-est-en-ouest-7-1024x1536.jpg 1024w, https:\/\/est-en-ouest.fr\/wp-content\/uploads\/2024\/11\/Tour-Saint-Jacques-Paris-ile-de-france-capitale-que-voir-que-faire-meilleure-vue-panorama-blog-cyrille-ardaud-est-en-ouest-7-1200x1800.jpg 1200w, https:\/\/est-en-ouest.fr\/wp-content\/uploads\/2024\/11\/Tour-Saint-Jacques-Paris-ile-de-france-capitale-que-voir-que-faire-meilleure-vue-panorama-blog-cyrille-ardaud-est-en-ouest-7-600x900.jpg 600w, https:\/\/est-en-ouest.fr\/wp-content\/uploads\/2024\/11\/Tour-Saint-Jacques-Paris-ile-de-france-capitale-que-voir-que-faire-meilleure-vue-panorama-blog-cyrille-ardaud-est-en-ouest-7.jpg 1280w\" \/><\/a><\/figure>\n<\/figure>\n\n\n\n<p class=\"has-text-align-left\">\ud83d\udca1<strong>Conseil pratique<\/strong> : la tour n\u2019est ouverte au public que quelques mois dans l\u2019ann\u00e9e (en g\u00e9n\u00e9ral de la fin du printemps \u00e0 la moiti\u00e9 de l&rsquo;automne), et uniquement sur visite guid\u00e9e. Pensez donc \u00e0 r\u00e9server vos places \u00e0 l\u2019avance si vous voulez profiter de ce spot rare et confidentiel !<\/p>\n\n\n\n<h3 class=\"wp-block-heading has-text-align-left\">La plus inaccessible : l&rsquo;observatoire de la Sorbonne<\/h3>\n\n\n\n<p class=\"has-text-align-left\">Peu de Parisiens eux-m\u00eames connaissent <strong>l\u2019Observatoire de la Sorbonne<\/strong>, et c\u2019est ce qui rend cette vue absolument unique. Perch\u00e9 discr\u00e8tement au sommet de l\u2019embl\u00e9matique b\u00e2timent universitaire, cet observatoire astronomique, construit au XIX\u1d49 si\u00e8cle, offre une perspective rare sur le <strong>Quartier Latin<\/strong> et bien au-del\u00e0. <\/p>\n\n\n\n<p class=\"has-text-align-left\">Ce que j\u2019ai ressenti en acc\u00e9dant \u00e0 ce belv\u00e9d\u00e8re confidentiel, c\u2019est une vraie parenth\u00e8se hors du temps. \u00c0 travers les petites fen\u00eatres de la coupole, on d\u00e9couvre un panorama sublime sur les toits du <strong>5\u1d49 arrondissement<\/strong>, les jardins du <strong>Luxembourg<\/strong>, le <strong>Panth\u00e9on<\/strong> voisin et, au loin, les silhouettes famili\u00e8res de <strong>Notre-Dame<\/strong>, <strong>Montmartre<\/strong> et m\u00eame <strong>la Tour Eiffel<\/strong>. Loin des foules, on a vraiment l\u2019impression d\u2019\u00eatre un privil\u00e9gi\u00e9, perch\u00e9 au-dessus d\u2019un Paris studieux et charg\u00e9 d\u2019histoire.<br>L\u2019observatoire, encore utilis\u00e9 \u00e0 l\u2019occasion pour des observations astronomiques, n\u2019est malheureusement pas ouvert au public de mani\u00e8re r\u00e9guli\u00e8re. Les visites sont assur\u00e9es par la SAF, la soci\u00e9t\u00e9 astronomique de France et propose quelques visites par mois.<\/p>\n\n\n\n<figure class=\"wp-block-gallery has-nested-images columns-4 is-cropped wp-block-gallery-3 is-layout-flex wp-block-gallery-is-layout-flex\">\n<figure class=\"wp-block-image size-large\"><a href=\"https:\/\/est-en-ouest.fr\/index.php\/2024\/11\/11\/vous-nen-croirez-pas-vos-yeux-les-plus-belles-vues-de-paris\/observatoire-sorbonne-paris-cyrille-ardaud-universite-est-en-ouest-blog-voyage\/\"><img data-dominant-color=\"7f6b47\" data-has-transparency=\"false\" style=\"--dominant-color: #7f6b47;\" decoding=\"async\" width=\"1024\" height=\"683\" sizes=\"(max-width: 1024px) 100vw, 1024px\" data-id=\"3056\" src=\"https:\/\/est-en-ouest.fr\/wp-content\/uploads\/2024\/11\/observatoire-sorbonne-paris-cyrille-ardaud-universite-est-en-ouest-blog-voyage-1024x683.jpg\" alt=\"\" class=\"wp-image-3056 not-transparent\" srcset=\"https:\/\/est-en-ouest.fr\/wp-content\/uploads\/2024\/11\/observatoire-sorbonne-paris-cyrille-ardaud-universite-est-en-ouest-blog-voyage-1024x683.jpg 1024w, https:\/\/est-en-ouest.fr\/wp-content\/uploads\/2024\/11\/observatoire-sorbonne-paris-cyrille-ardaud-universite-est-en-ouest-blog-voyage-300x200.jpg 300w, https:\/\/est-en-ouest.fr\/wp-content\/uploads\/2024\/11\/observatoire-sorbonne-paris-cyrille-ardaud-universite-est-en-ouest-blog-voyage-768x512.jpg 768w, https:\/\/est-en-ouest.fr\/wp-content\/uploads\/2024\/11\/observatoire-sorbonne-paris-cyrille-ardaud-universite-est-en-ouest-blog-voyage-1536x1024.jpg 1536w, https:\/\/est-en-ouest.fr\/wp-content\/uploads\/2024\/11\/observatoire-sorbonne-paris-cyrille-ardaud-universite-est-en-ouest-blog-voyage-1440x960.jpg 1440w, https:\/\/est-en-ouest.fr\/wp-content\/uploads\/2024\/11\/observatoire-sorbonne-paris-cyrille-ardaud-universite-est-en-ouest-blog-voyage-1200x800.jpg 1200w, https:\/\/est-en-ouest.fr\/wp-content\/uploads\/2024\/11\/observatoire-sorbonne-paris-cyrille-ardaud-universite-est-en-ouest-blog-voyage-600x400.jpg 600w, https:\/\/est-en-ouest.fr\/wp-content\/uploads\/2024\/11\/observatoire-sorbonne-paris-cyrille-ardaud-universite-est-en-ouest-blog-voyage.jpg 1920w\" \/><\/a><\/figure>\n\n\n\n<figure class=\"wp-block-image size-large\"><a href=\"https:\/\/est-en-ouest.fr\/cyr3075-scaled\/\"><img data-dominant-color=\"745e53\" data-has-transparency=\"false\" style=\"--dominant-color: #745e53;\" decoding=\"async\" width=\"1024\" height=\"683\" sizes=\"(max-width: 1024px) 100vw, 1024px\" data-id=\"2547\" src=\"https:\/\/est-en-ouest.fr\/wp-content\/uploads\/2024\/11\/CYR3075-scaled-1-1024x683.jpeg\" alt=\"\" class=\"wp-image-2547 not-transparent\" srcset=\"https:\/\/est-en-ouest.fr\/wp-content\/uploads\/2024\/11\/CYR3075-scaled-1-1024x683.jpeg 1024w, https:\/\/est-en-ouest.fr\/wp-content\/uploads\/2024\/11\/CYR3075-scaled-1-300x200.jpeg 300w, https:\/\/est-en-ouest.fr\/wp-content\/uploads\/2024\/11\/CYR3075-scaled-1-768x512.jpeg 768w, https:\/\/est-en-ouest.fr\/wp-content\/uploads\/2024\/11\/CYR3075-scaled-1-1536x1024.jpeg 1536w, https:\/\/est-en-ouest.fr\/wp-content\/uploads\/2024\/11\/CYR3075-scaled-1-1440x960.jpeg 1440w, https:\/\/est-en-ouest.fr\/wp-content\/uploads\/2024\/11\/CYR3075-scaled-1-1200x800.jpeg 1200w, https:\/\/est-en-ouest.fr\/wp-content\/uploads\/2024\/11\/CYR3075-scaled-1-600x400.jpeg 600w, https:\/\/est-en-ouest.fr\/wp-content\/uploads\/2024\/11\/CYR3075-scaled-1.jpeg 1920w\" \/><\/a><\/figure>\n\n\n\n<figure class=\"wp-block-image size-large\"><a href=\"https:\/\/est-en-ouest.fr\/index.php\/2024\/11\/11\/vous-nen-croirez-pas-vos-yeux-les-plus-belles-vues-de-paris\/observatoire-sorbonne-paris-cyrille-ardaud-universite-est-en-ouest-blog-voyage-4\/\"><img data-dominant-color=\"8f7f7a\" data-has-transparency=\"false\" style=\"--dominant-color: #8f7f7a;\" decoding=\"async\" width=\"1024\" height=\"683\" sizes=\"(max-width: 1024px) 100vw, 1024px\" data-id=\"3054\" src=\"https:\/\/est-en-ouest.fr\/wp-content\/uploads\/2024\/11\/observatoire-sorbonne-paris-cyrille-ardaud-universite-est-en-ouest-blog-voyage-4-1024x683.jpg\" alt=\"\" class=\"wp-image-3054 not-transparent\" srcset=\"https:\/\/est-en-ouest.fr\/wp-content\/uploads\/2024\/11\/observatoire-sorbonne-paris-cyrille-ardaud-universite-est-en-ouest-blog-voyage-4-1024x683.jpg 1024w, https:\/\/est-en-ouest.fr\/wp-content\/uploads\/2024\/11\/observatoire-sorbonne-paris-cyrille-ardaud-universite-est-en-ouest-blog-voyage-4-300x200.jpg 300w, https:\/\/est-en-ouest.fr\/wp-content\/uploads\/2024\/11\/observatoire-sorbonne-paris-cyrille-ardaud-universite-est-en-ouest-blog-voyage-4-768x512.jpg 768w, https:\/\/est-en-ouest.fr\/wp-content\/uploads\/2024\/11\/observatoire-sorbonne-paris-cyrille-ardaud-universite-est-en-ouest-blog-voyage-4-1536x1024.jpg 1536w, https:\/\/est-en-ouest.fr\/wp-content\/uploads\/2024\/11\/observatoire-sorbonne-paris-cyrille-ardaud-universite-est-en-ouest-blog-voyage-4-1440x960.jpg 1440w, https:\/\/est-en-ouest.fr\/wp-content\/uploads\/2024\/11\/observatoire-sorbonne-paris-cyrille-ardaud-universite-est-en-ouest-blog-voyage-4-1200x800.jpg 1200w, https:\/\/est-en-ouest.fr\/wp-content\/uploads\/2024\/11\/observatoire-sorbonne-paris-cyrille-ardaud-universite-est-en-ouest-blog-voyage-4-600x400.jpg 600w, https:\/\/est-en-ouest.fr\/wp-content\/uploads\/2024\/11\/observatoire-sorbonne-paris-cyrille-ardaud-universite-est-en-ouest-blog-voyage-4.jpg 1920w\" \/><\/a><\/figure>\n\n\n\n<figure class=\"wp-block-image size-large\"><a href=\"https:\/\/est-en-ouest.fr\/index.php\/2024\/11\/11\/vous-nen-croirez-pas-vos-yeux-les-plus-belles-vues-de-paris\/cyrille-ardaud-observatoire-sorbonne-plus-belles-vues-paris-est-en-ouest\/\"><img data-dominant-color=\"4a4b66\" data-has-transparency=\"false\" style=\"--dominant-color: #4a4b66;\" decoding=\"async\" width=\"1024\" height=\"682\" sizes=\"(max-width: 1024px) 100vw, 1024px\" data-id=\"2557\" src=\"https:\/\/est-en-ouest.fr\/wp-content\/uploads\/2024\/11\/Cyrille-ardaud-Observatoire-Sorbonne-plus-belles-vues-Paris-Est-en-Ouest-1024x682.jpg\" alt=\"\" class=\"wp-image-2557 not-transparent\" srcset=\"https:\/\/est-en-ouest.fr\/wp-content\/uploads\/2024\/11\/Cyrille-ardaud-Observatoire-Sorbonne-plus-belles-vues-Paris-Est-en-Ouest-1024x682.jpg 1024w, https:\/\/est-en-ouest.fr\/wp-content\/uploads\/2024\/11\/Cyrille-ardaud-Observatoire-Sorbonne-plus-belles-vues-Paris-Est-en-Ouest-300x200.jpg 300w, https:\/\/est-en-ouest.fr\/wp-content\/uploads\/2024\/11\/Cyrille-ardaud-Observatoire-Sorbonne-plus-belles-vues-Paris-Est-en-Ouest-768x512.jpg 768w, https:\/\/est-en-ouest.fr\/wp-content\/uploads\/2024\/11\/Cyrille-ardaud-Observatoire-Sorbonne-plus-belles-vues-Paris-Est-en-Ouest-1536x1023.jpg 1536w, https:\/\/est-en-ouest.fr\/wp-content\/uploads\/2024\/11\/Cyrille-ardaud-Observatoire-Sorbonne-plus-belles-vues-Paris-Est-en-Ouest-1440x959.jpg 1440w, https:\/\/est-en-ouest.fr\/wp-content\/uploads\/2024\/11\/Cyrille-ardaud-Observatoire-Sorbonne-plus-belles-vues-Paris-Est-en-Ouest-1200x799.jpg 1200w, https:\/\/est-en-ouest.fr\/wp-content\/uploads\/2024\/11\/Cyrille-ardaud-Observatoire-Sorbonne-plus-belles-vues-Paris-Est-en-Ouest-600x400.jpg 600w, https:\/\/est-en-ouest.fr\/wp-content\/uploads\/2024\/11\/Cyrille-ardaud-Observatoire-Sorbonne-plus-belles-vues-Paris-Est-en-Ouest.jpg 1920w\" \/><\/a><\/figure>\n\n\n\n<figure class=\"wp-block-image size-large\"><a href=\"https:\/\/est-en-ouest.fr\/index.php\/2024\/11\/11\/vous-nen-croirez-pas-vos-yeux-les-plus-belles-vues-de-paris\/observatoire-sorbonne-paris-cyrille-ardaud-universite-est-en-ouest-blog-voyage-3\/\"><img data-dominant-color=\"756480\" data-has-transparency=\"false\" style=\"--dominant-color: #756480;\" decoding=\"async\" width=\"1024\" height=\"683\" sizes=\"(max-width: 1024px) 100vw, 1024px\" data-id=\"3055\" src=\"https:\/\/est-en-ouest.fr\/wp-content\/uploads\/2024\/11\/observatoire-sorbonne-paris-cyrille-ardaud-universite-est-en-ouest-blog-voyage-3-1024x683.jpg\" alt=\"\" class=\"wp-image-3055 not-transparent\" srcset=\"https:\/\/est-en-ouest.fr\/wp-content\/uploads\/2024\/11\/observatoire-sorbonne-paris-cyrille-ardaud-universite-est-en-ouest-blog-voyage-3-1024x683.jpg 1024w, https:\/\/est-en-ouest.fr\/wp-content\/uploads\/2024\/11\/observatoire-sorbonne-paris-cyrille-ardaud-universite-est-en-ouest-blog-voyage-3-300x200.jpg 300w, https:\/\/est-en-ouest.fr\/wp-content\/uploads\/2024\/11\/observatoire-sorbonne-paris-cyrille-ardaud-universite-est-en-ouest-blog-voyage-3-768x512.jpg 768w, https:\/\/est-en-ouest.fr\/wp-content\/uploads\/2024\/11\/observatoire-sorbonne-paris-cyrille-ardaud-universite-est-en-ouest-blog-voyage-3-1536x1024.jpg 1536w, https:\/\/est-en-ouest.fr\/wp-content\/uploads\/2024\/11\/observatoire-sorbonne-paris-cyrille-ardaud-universite-est-en-ouest-blog-voyage-3-1440x960.jpg 1440w, https:\/\/est-en-ouest.fr\/wp-content\/uploads\/2024\/11\/observatoire-sorbonne-paris-cyrille-ardaud-universite-est-en-ouest-blog-voyage-3-1200x800.jpg 1200w, https:\/\/est-en-ouest.fr\/wp-content\/uploads\/2024\/11\/observatoire-sorbonne-paris-cyrille-ardaud-universite-est-en-ouest-blog-voyage-3-600x400.jpg 600w, https:\/\/est-en-ouest.fr\/wp-content\/uploads\/2024\/11\/observatoire-sorbonne-paris-cyrille-ardaud-universite-est-en-ouest-blog-voyage-3.jpg 1920w\" \/><\/a><\/figure>\n\n\n\n<figure class=\"wp-block-image size-large\"><a href=\"https:\/\/est-en-ouest.fr\/index.php\/2024\/11\/11\/vous-nen-croirez-pas-vos-yeux-les-plus-belles-vues-de-paris\/observatoire-sorbonne-paris-cyrille-ardaud-universite-est-en-ouest-blog-voyage-1\/\"><img data-dominant-color=\"9f6637\" data-has-transparency=\"false\" style=\"--dominant-color: #9f6637;\" decoding=\"async\" width=\"1024\" height=\"683\" sizes=\"(max-width: 1024px) 100vw, 1024px\" data-id=\"3057\" src=\"https:\/\/est-en-ouest.fr\/wp-content\/uploads\/2024\/11\/observatoire-sorbonne-paris-cyrille-ardaud-universite-est-en-ouest-blog-voyage-1-1024x683.jpg\" alt=\"\" class=\"wp-image-3057 not-transparent\" srcset=\"https:\/\/est-en-ouest.fr\/wp-content\/uploads\/2024\/11\/observatoire-sorbonne-paris-cyrille-ardaud-universite-est-en-ouest-blog-voyage-1-1024x683.jpg 1024w, https:\/\/est-en-ouest.fr\/wp-content\/uploads\/2024\/11\/observatoire-sorbonne-paris-cyrille-ardaud-universite-est-en-ouest-blog-voyage-1-300x200.jpg 300w, https:\/\/est-en-ouest.fr\/wp-content\/uploads\/2024\/11\/observatoire-sorbonne-paris-cyrille-ardaud-universite-est-en-ouest-blog-voyage-1-768x512.jpg 768w, https:\/\/est-en-ouest.fr\/wp-content\/uploads\/2024\/11\/observatoire-sorbonne-paris-cyrille-ardaud-universite-est-en-ouest-blog-voyage-1-1536x1024.jpg 1536w, https:\/\/est-en-ouest.fr\/wp-content\/uploads\/2024\/11\/observatoire-sorbonne-paris-cyrille-ardaud-universite-est-en-ouest-blog-voyage-1-1440x960.jpg 1440w, https:\/\/est-en-ouest.fr\/wp-content\/uploads\/2024\/11\/observatoire-sorbonne-paris-cyrille-ardaud-universite-est-en-ouest-blog-voyage-1-1200x800.jpg 1200w, https:\/\/est-en-ouest.fr\/wp-content\/uploads\/2024\/11\/observatoire-sorbonne-paris-cyrille-ardaud-universite-est-en-ouest-blog-voyage-1-600x400.jpg 600w, https:\/\/est-en-ouest.fr\/wp-content\/uploads\/2024\/11\/observatoire-sorbonne-paris-cyrille-ardaud-universite-est-en-ouest-blog-voyage-1.jpg 1920w\" \/><\/a><\/figure>\n\n\n\n<figure class=\"wp-block-image size-large\"><a href=\"https:\/\/est-en-ouest.fr\/index.php\/2024\/11\/11\/vous-nen-croirez-pas-vos-yeux-les-plus-belles-vues-de-paris\/observatoire-sorbonne-paris-cyrille-ardaud-universite-est-en-ouest-blog-voyage-2\/\"><img data-dominant-color=\"816e8a\" data-has-transparency=\"false\" style=\"--dominant-color: #816e8a;\" decoding=\"async\" width=\"1024\" height=\"683\" sizes=\"(max-width: 1024px) 100vw, 1024px\" data-id=\"3058\" src=\"https:\/\/est-en-ouest.fr\/wp-content\/uploads\/2024\/11\/observatoire-sorbonne-paris-cyrille-ardaud-universite-est-en-ouest-blog-voyage-2-1024x683.jpg\" alt=\"\" class=\"wp-image-3058 not-transparent\" srcset=\"https:\/\/est-en-ouest.fr\/wp-content\/uploads\/2024\/11\/observatoire-sorbonne-paris-cyrille-ardaud-universite-est-en-ouest-blog-voyage-2-1024x683.jpg 1024w, https:\/\/est-en-ouest.fr\/wp-content\/uploads\/2024\/11\/observatoire-sorbonne-paris-cyrille-ardaud-universite-est-en-ouest-blog-voyage-2-300x200.jpg 300w, https:\/\/est-en-ouest.fr\/wp-content\/uploads\/2024\/11\/observatoire-sorbonne-paris-cyrille-ardaud-universite-est-en-ouest-blog-voyage-2-768x512.jpg 768w, https:\/\/est-en-ouest.fr\/wp-content\/uploads\/2024\/11\/observatoire-sorbonne-paris-cyrille-ardaud-universite-est-en-ouest-blog-voyage-2-1536x1024.jpg 1536w, https:\/\/est-en-ouest.fr\/wp-content\/uploads\/2024\/11\/observatoire-sorbonne-paris-cyrille-ardaud-universite-est-en-ouest-blog-voyage-2-1440x960.jpg 1440w, https:\/\/est-en-ouest.fr\/wp-content\/uploads\/2024\/11\/observatoire-sorbonne-paris-cyrille-ardaud-universite-est-en-ouest-blog-voyage-2-1200x800.jpg 1200w, https:\/\/est-en-ouest.fr\/wp-content\/uploads\/2024\/11\/observatoire-sorbonne-paris-cyrille-ardaud-universite-est-en-ouest-blog-voyage-2-600x400.jpg 600w, https:\/\/est-en-ouest.fr\/wp-content\/uploads\/2024\/11\/observatoire-sorbonne-paris-cyrille-ardaud-universite-est-en-ouest-blog-voyage-2.jpg 1920w\" \/><\/a><\/figure>\n<\/figure>\n\n\n\n<p class=\"has-text-align-left\">\ud83d\udca1<strong>Conseil pratique<\/strong> :  surveillez <a href=\"https:\/\/boutique.saf-astronomie.fr\/produit\/visite-de-lobservatoire-de-la-sorbonne\/\" target=\"_blank\" rel=\"noreferrer noopener\">le site de la SAF<\/a>, les cr\u00e9neaux sont mis en ligne quelques fois par an et partent extr\u00eamement vite ! Notez que ces visites sont d\u00e9di\u00e9es \u00e0 l&rsquo;astronomie et non \u00e0 la vue sur Paris. <\/p>\n\n\n\n<h3 class=\"wp-block-heading has-text-align-left\">La plus triomphante : l&rsquo;Arc de Triomphe<\/h3>\n\n\n\n<p class=\"has-text-align-left\">S\u2019il y a bien un point de vue qui offre une lecture spectaculaire de l\u2019organisation urbaine de Paris, c\u2019est <strong>l\u2019Arc de Triomphe<\/strong>. Perch\u00e9 au sommet de ce monument majestueux, situ\u00e9 au centre de la <strong>Place Charles-de-Gaulle<\/strong>, on profite d\u2019une vue \u00e0 360\u00b0 absolument saisissante.<br>Ce que j\u2019aime ici, c\u2019est cette sensation d\u2019\u00eatre litt\u00e9ralement au centre du rayonnement parisien : <strong>douze avenues<\/strong> s\u2019\u00e9lancent comme les branches d\u2019une \u00e9toile, dont la c\u00e9l\u00e8bre <strong>Avenue des Champs-\u00c9lys\u00e9es<\/strong> qui file vers la Concorde et le Louvre d\u2019un c\u00f4t\u00e9, tandis que l\u2019Avenue de la Grande Arm\u00e9e m\u00e8ne vers <strong>La D\u00e9fense<\/strong> de l\u2019autre. D\u2019en haut, on comprend toute la vision d\u2019urbanisme haussmannienne. Et bien s\u00fbr, la <strong>Tour Eiffel<\/strong>, le <strong>Sacr\u00e9-C\u0153ur<\/strong>, la <strong>Tour Montparnasse<\/strong> et m\u00eame les tours de la D\u00e9fense s\u2019offrent au regard.<\/p>\n\n\n\n<p class=\"has-text-align-left\">Gravir les <strong>284 marches<\/strong> de l\u2019escalier en colima\u00e7on (ou utiliser l\u2019ascenseur partiel) permet de d\u00e9couvrir aussi l\u2019int\u00e9rieur du monument, avec son petit mus\u00e9e d\u00e9di\u00e9 \u00e0 l\u2019histoire de l\u2019Arc et au soldat inconnu. Au sommet, la terrasse panoramique est suffisamment spacieuse pour prendre le temps de scruter l\u2019horizon, capturer des photos magnifiques, et ressentir le souffle de l\u2019histoire.<\/p>\n\n\n\n<figure class=\"wp-block-gallery has-nested-images columns-default is-cropped wp-block-gallery-4 is-layout-flex wp-block-gallery-is-layout-flex\">\n<figure class=\"wp-block-image size-large\"><a href=\"https:\/\/est-en-ouest.fr\/index.php\/2024\/11\/11\/vous-nen-croirez-pas-vos-yeux-les-plus-belles-vues-de-paris\/arc-de-triomphe-tour-eiffel-paris-vue-capitale-ile-de-france-cyrille-ardaud-est-en-ouest-blog-voyage-que-faire-week-end-sortie\/\"><img data-dominant-color=\"727673\" data-has-transparency=\"false\" style=\"--dominant-color: #727673;\" decoding=\"async\" width=\"683\" height=\"1024\" sizes=\"(max-width: 683px) 100vw, 683px\" data-id=\"3063\" src=\"https:\/\/est-en-ouest.fr\/wp-content\/uploads\/2024\/11\/Arc-de-Triomphe-tour-eiffel-Paris-vue-capitale-ile-de-france-cyrille-ardaud-est-en-ouest-blog-voyage-que-faire-week-end-sortie-683x1024.jpg\" alt=\"\" class=\"wp-image-3063 not-transparent\" srcset=\"https:\/\/est-en-ouest.fr\/wp-content\/uploads\/2024\/11\/Arc-de-Triomphe-tour-eiffel-Paris-vue-capitale-ile-de-france-cyrille-ardaud-est-en-ouest-blog-voyage-que-faire-week-end-sortie-683x1024.jpg 683w, https:\/\/est-en-ouest.fr\/wp-content\/uploads\/2024\/11\/Arc-de-Triomphe-tour-eiffel-Paris-vue-capitale-ile-de-france-cyrille-ardaud-est-en-ouest-blog-voyage-que-faire-week-end-sortie-200x300.jpg 200w, https:\/\/est-en-ouest.fr\/wp-content\/uploads\/2024\/11\/Arc-de-Triomphe-tour-eiffel-Paris-vue-capitale-ile-de-france-cyrille-ardaud-est-en-ouest-blog-voyage-que-faire-week-end-sortie-768x1152.jpg 768w, https:\/\/est-en-ouest.fr\/wp-content\/uploads\/2024\/11\/Arc-de-Triomphe-tour-eiffel-Paris-vue-capitale-ile-de-france-cyrille-ardaud-est-en-ouest-blog-voyage-que-faire-week-end-sortie-1024x1536.jpg 1024w, https:\/\/est-en-ouest.fr\/wp-content\/uploads\/2024\/11\/Arc-de-Triomphe-tour-eiffel-Paris-vue-capitale-ile-de-france-cyrille-ardaud-est-en-ouest-blog-voyage-que-faire-week-end-sortie-1200x1800.jpg 1200w, https:\/\/est-en-ouest.fr\/wp-content\/uploads\/2024\/11\/Arc-de-Triomphe-tour-eiffel-Paris-vue-capitale-ile-de-france-cyrille-ardaud-est-en-ouest-blog-voyage-que-faire-week-end-sortie-600x900.jpg 600w, https:\/\/est-en-ouest.fr\/wp-content\/uploads\/2024\/11\/Arc-de-Triomphe-tour-eiffel-Paris-vue-capitale-ile-de-france-cyrille-ardaud-est-en-ouest-blog-voyage-que-faire-week-end-sortie.jpg 1280w\" \/><\/a><\/figure>\n\n\n\n<figure class=\"wp-block-image size-large\"><a href=\"https:\/\/est-en-ouest.fr\/index.php\/2024\/11\/11\/vous-nen-croirez-pas-vos-yeux-les-plus-belles-vues-de-paris\/arc-de-triomphe-paris-vue-capitale-ile-de-france-cyrille-ardaud-est-en-ouest-blog-voyage-que-faire-week-end-sortie\/\"><img data-dominant-color=\"808286\" data-has-transparency=\"false\" style=\"--dominant-color: #808286;\" decoding=\"async\" width=\"1024\" height=\"683\" sizes=\"(max-width: 1024px) 100vw, 1024px\" data-id=\"3064\" src=\"https:\/\/est-en-ouest.fr\/wp-content\/uploads\/2024\/11\/Arc-de-Triomphe-Paris-vue-capitale-ile-de-france-cyrille-ardaud-est-en-ouest-blog-voyage-que-faire-week-end-sortie-1024x683.jpg\" alt=\"\" class=\"wp-image-3064 not-transparent\" srcset=\"https:\/\/est-en-ouest.fr\/wp-content\/uploads\/2024\/11\/Arc-de-Triomphe-Paris-vue-capitale-ile-de-france-cyrille-ardaud-est-en-ouest-blog-voyage-que-faire-week-end-sortie-1024x683.jpg 1024w, https:\/\/est-en-ouest.fr\/wp-content\/uploads\/2024\/11\/Arc-de-Triomphe-Paris-vue-capitale-ile-de-france-cyrille-ardaud-est-en-ouest-blog-voyage-que-faire-week-end-sortie-300x200.jpg 300w, https:\/\/est-en-ouest.fr\/wp-content\/uploads\/2024\/11\/Arc-de-Triomphe-Paris-vue-capitale-ile-de-france-cyrille-ardaud-est-en-ouest-blog-voyage-que-faire-week-end-sortie-768x512.jpg 768w, https:\/\/est-en-ouest.fr\/wp-content\/uploads\/2024\/11\/Arc-de-Triomphe-Paris-vue-capitale-ile-de-france-cyrille-ardaud-est-en-ouest-blog-voyage-que-faire-week-end-sortie-1536x1024.jpg 1536w, https:\/\/est-en-ouest.fr\/wp-content\/uploads\/2024\/11\/Arc-de-Triomphe-Paris-vue-capitale-ile-de-france-cyrille-ardaud-est-en-ouest-blog-voyage-que-faire-week-end-sortie-1440x960.jpg 1440w, https:\/\/est-en-ouest.fr\/wp-content\/uploads\/2024\/11\/Arc-de-Triomphe-Paris-vue-capitale-ile-de-france-cyrille-ardaud-est-en-ouest-blog-voyage-que-faire-week-end-sortie-1200x800.jpg 1200w, https:\/\/est-en-ouest.fr\/wp-content\/uploads\/2024\/11\/Arc-de-Triomphe-Paris-vue-capitale-ile-de-france-cyrille-ardaud-est-en-ouest-blog-voyage-que-faire-week-end-sortie-600x400.jpg 600w, https:\/\/est-en-ouest.fr\/wp-content\/uploads\/2024\/11\/Arc-de-Triomphe-Paris-vue-capitale-ile-de-france-cyrille-ardaud-est-en-ouest-blog-voyage-que-faire-week-end-sortie.jpg 1920w\" \/><\/a><\/figure>\n\n\n\n<figure class=\"wp-block-image size-large\"><a href=\"https:\/\/est-en-ouest.fr\/index.php\/2024\/11\/11\/vous-nen-croirez-pas-vos-yeux-les-plus-belles-vues-de-paris\/arc-de-triomphe-tribunal-paris-vue-capitale-ile-de-france-cyrille-ardaud-est-en-ouest-blog-voyage-que-faire-week-end-sortie\/\"><img data-dominant-color=\"6d7277\" data-has-transparency=\"false\" style=\"--dominant-color: #6d7277;\" decoding=\"async\" width=\"1024\" height=\"683\" sizes=\"(max-width: 1024px) 100vw, 1024px\" data-id=\"3062\" src=\"https:\/\/est-en-ouest.fr\/wp-content\/uploads\/2024\/11\/Arc-de-Triomphe-tribunal-Paris-vue-capitale-ile-de-france-cyrille-ardaud-est-en-ouest-blog-voyage-que-faire-week-end-sortie-1024x683.jpg\" alt=\"\" class=\"wp-image-3062 not-transparent\" srcset=\"https:\/\/est-en-ouest.fr\/wp-content\/uploads\/2024\/11\/Arc-de-Triomphe-tribunal-Paris-vue-capitale-ile-de-france-cyrille-ardaud-est-en-ouest-blog-voyage-que-faire-week-end-sortie-1024x683.jpg 1024w, https:\/\/est-en-ouest.fr\/wp-content\/uploads\/2024\/11\/Arc-de-Triomphe-tribunal-Paris-vue-capitale-ile-de-france-cyrille-ardaud-est-en-ouest-blog-voyage-que-faire-week-end-sortie-300x200.jpg 300w, https:\/\/est-en-ouest.fr\/wp-content\/uploads\/2024\/11\/Arc-de-Triomphe-tribunal-Paris-vue-capitale-ile-de-france-cyrille-ardaud-est-en-ouest-blog-voyage-que-faire-week-end-sortie-768x512.jpg 768w, https:\/\/est-en-ouest.fr\/wp-content\/uploads\/2024\/11\/Arc-de-Triomphe-tribunal-Paris-vue-capitale-ile-de-france-cyrille-ardaud-est-en-ouest-blog-voyage-que-faire-week-end-sortie-1536x1024.jpg 1536w, https:\/\/est-en-ouest.fr\/wp-content\/uploads\/2024\/11\/Arc-de-Triomphe-tribunal-Paris-vue-capitale-ile-de-france-cyrille-ardaud-est-en-ouest-blog-voyage-que-faire-week-end-sortie-1440x960.jpg 1440w, https:\/\/est-en-ouest.fr\/wp-content\/uploads\/2024\/11\/Arc-de-Triomphe-tribunal-Paris-vue-capitale-ile-de-france-cyrille-ardaud-est-en-ouest-blog-voyage-que-faire-week-end-sortie-1200x800.jpg 1200w, https:\/\/est-en-ouest.fr\/wp-content\/uploads\/2024\/11\/Arc-de-Triomphe-tribunal-Paris-vue-capitale-ile-de-france-cyrille-ardaud-est-en-ouest-blog-voyage-que-faire-week-end-sortie-600x400.jpg 600w, https:\/\/est-en-ouest.fr\/wp-content\/uploads\/2024\/11\/Arc-de-Triomphe-tribunal-Paris-vue-capitale-ile-de-france-cyrille-ardaud-est-en-ouest-blog-voyage-que-faire-week-end-sortie.jpg 1920w\" \/><\/a><\/figure>\n<\/figure>\n\n\n\n<p class=\"has-text-align-left\">\ud83d\udca1<strong>Conseil pratique<\/strong> : visitez le en fin de journ\u00e9e pour admirer un coucher de soleil sur la ville et voir les lumi\u00e8res s\u2019allumer le long des Champs-\u00c9lys\u00e9es. La vue nocturne, avec la Tour Eiffel scintillante, est tout simplement magique. L\u2019acc\u00e8s est gratuit pour les moins de 26 ans ressortissants de l\u2019UE, et le billet est inclus dans le <strong>Paris Museum Pass<\/strong>.<\/p>\n\n\n\n<h3 class=\"wp-block-heading has-text-align-left\">La plus \u00ab\u00a0aux grands hommes la patrie reconnaissante\u00a0\u00bb : le Panth\u00e9on<\/h3>\n\n\n\n<p class=\"has-text-align-left\">Dominant fi\u00e8rement le <strong>Quartier Latin<\/strong>, <strong>le Panth\u00e9on<\/strong> n\u2019est pas seulement un chef-d\u2019\u0153uvre architectural et un haut lieu de m\u00e9moire nationale \u2014 c\u2019est aussi l\u2019un des points de vue les plus impressionnants et les plus \u00e9l\u00e9gants de Paris. Ce que j\u2019ai ressenti en montant jusqu\u2019au sommet de sa colonnade, c\u2019est cette sensation rare d\u2019\u00eatre au croisement de l\u2019histoire et de la beaut\u00e9 architecturale, avec la ville qui s\u2019\u00e9tend tout autour comme un livre ouvert.<\/p>\n\n\n\n<p class=\"has-text-align-left\">Depuis la <strong>colonnade circulaire<\/strong> qui entoure le d\u00f4me, la vue est grandiose : \u00e0 l\u2019ouest, <strong>la Tour Eiffel<\/strong> et les toits du centre historique ; au nord, les fl\u00e8ches de <strong>Notre-Dame de Paris<\/strong> et du <strong>Sainte-Chapelle<\/strong> ; \u00e0 l\u2019est, le <strong>quartier du Marais<\/strong> et ses joyaux. Juste \u00e0 nos pieds, les jardins du <strong>Luxembourg<\/strong> d\u00e9ploient leur \u00e9crin de verdure, et la <strong>Sorbonne<\/strong> rappelle la tradition intellectuelle du quartier.<br>Ce que j\u2019adore ici, c\u2019est la tranquillit\u00e9 du lieu : moins fr\u00e9quent\u00e9 que la Tour Eiffel ou Montmartre, l\u2019acc\u00e8s au sommet du Panth\u00e9on permet de profiter d\u2019un panorama grandiose dans un calme relatif, propice \u00e0 la contemplation. L\u2019ascension (206 marches) est largement r\u00e9compens\u00e9e par l\u2019\u00e9l\u00e9gance de la vue.<\/p>\n\n\n\n<center><blockquote class=\"instagram-media\" data-instgrm-permalink=\"https:\/\/www.instagram.com\/reel\/Cq0QAPBoLcx\/?utm_source=ig_embed&amp;utm_campaign=loading\" data-instgrm-version=\"14\" style=\" background:#FFF; border:0; border-radius:3px; box-shadow:0 0 1px 0 rgba(0,0,0,0.5),0 1px 10px 0 rgba(0,0,0,0.15); margin: 1px; max-width:540px; min-width:326px; padding:0; width:99.375%; width:-webkit-calc(100% - 2px); width:calc(100% - 2px);\"><div style=\"padding:16px;\"> <a href=\"https:\/\/www.instagram.com\/reel\/Cq0QAPBoLcx\/?utm_source=ig_embed&amp;utm_campaign=loading\" style=\" background:#FFFFFF; line-height:0; padding:0 0; text-align:center; text-decoration:none; width:100%;\" target=\"_blank\"> <div style=\" display: flex; flex-direction: row; align-items: center;\"> <div style=\"background-color: #F4F4F4; border-radius: 50%; flex-grow: 0; height: 40px; margin-right: 14px; width: 40px;\"><\/div> <div style=\"display: flex; flex-direction: column; flex-grow: 1; justify-content: center;\"> <div style=\" background-color: #F4F4F4; border-radius: 4px; flex-grow: 0; height: 14px; margin-bottom: 6px; width: 100px;\"><\/div> <div style=\" background-color: #F4F4F4; border-radius: 4px; flex-grow: 0; height: 14px; width: 60px;\"><\/div><\/div><\/div><div style=\"padding: 19% 0;\"><\/div> <div style=\"display:block; height:50px; margin:0 auto 12px; width:50px;\"><svg width=\"50px\" height=\"50px\" viewBox=\"0 0 60 60\" version=\"1.1\" xmlns=\"https:\/\/www.w3.org\/2000\/svg\" xmlns:xlink=\"https:\/\/www.w3.org\/1999\/xlink\"><g stroke=\"none\" stroke-width=\"1\" fill=\"none\" fill-rule=\"evenodd\"><g transform=\"translate(-511.000000, -20.000000)\" fill=\"#000000\"><g><path d=\"M556.869,30.41 C554.814,30.41 553.148,32.076 553.148,34.131 C553.148,36.186 554.814,37.852 556.869,37.852 C558.924,37.852 560.59,36.186 560.59,34.131 C560.59,32.076 558.924,30.41 556.869,30.41 M541,60.657 C535.114,60.657 530.342,55.887 530.342,50 C530.342,44.114 535.114,39.342 541,39.342 C546.887,39.342 551.658,44.114 551.658,50 C551.658,55.887 546.887,60.657 541,60.657 M541,33.886 C532.1,33.886 524.886,41.1 524.886,50 C524.886,58.899 532.1,66.113 541,66.113 C549.9,66.113 557.115,58.899 557.115,50 C557.115,41.1 549.9,33.886 541,33.886 M565.378,62.101 C565.244,65.022 564.756,66.606 564.346,67.663 C563.803,69.06 563.154,70.057 562.106,71.106 C561.058,72.155 560.06,72.803 558.662,73.347 C557.607,73.757 556.021,74.244 553.102,74.378 C549.944,74.521 548.997,74.552 541,74.552 C533.003,74.552 532.056,74.521 528.898,74.378 C525.979,74.244 524.393,73.757 523.338,73.347 C521.94,72.803 520.942,72.155 519.894,71.106 C518.846,70.057 518.197,69.06 517.654,67.663 C517.244,66.606 516.755,65.022 516.623,62.101 C516.479,58.943 516.448,57.996 516.448,50 C516.448,42.003 516.479,41.056 516.623,37.899 C516.755,34.978 517.244,33.391 517.654,32.338 C518.197,30.938 518.846,29.942 519.894,28.894 C520.942,27.846 521.94,27.196 523.338,26.654 C524.393,26.244 525.979,25.756 528.898,25.623 C532.057,25.479 533.004,25.448 541,25.448 C548.997,25.448 549.943,25.479 553.102,25.623 C556.021,25.756 557.607,26.244 558.662,26.654 C560.06,27.196 561.058,27.846 562.106,28.894 C563.154,29.942 563.803,30.938 564.346,32.338 C564.756,33.391 565.244,34.978 565.378,37.899 C565.522,41.056 565.552,42.003 565.552,50 C565.552,57.996 565.522,58.943 565.378,62.101 M570.82,37.631 C570.674,34.438 570.167,32.258 569.425,30.349 C568.659,28.377 567.633,26.702 565.965,25.035 C564.297,23.368 562.623,22.342 560.652,21.575 C558.743,20.834 556.562,20.326 553.369,20.18 C550.169,20.033 549.148,20 541,20 C532.853,20 531.831,20.033 528.631,20.18 C525.438,20.326 523.257,20.834 521.349,21.575 C519.376,22.342 517.703,23.368 516.035,25.035 C514.368,26.702 513.342,28.377 512.574,30.349 C511.834,32.258 511.326,34.438 511.181,37.631 C511.035,40.831 511,41.851 511,50 C511,58.147 511.035,59.17 511.181,62.369 C511.326,65.562 511.834,67.743 512.574,69.651 C513.342,71.625 514.368,73.296 516.035,74.965 C517.703,76.634 519.376,77.658 521.349,78.425 C523.257,79.167 525.438,79.673 528.631,79.82 C531.831,79.965 532.853,80.001 541,80.001 C549.148,80.001 550.169,79.965 553.369,79.82 C556.562,79.673 558.743,79.167 560.652,78.425 C562.623,77.658 564.297,76.634 565.965,74.965 C567.633,73.296 568.659,71.625 569.425,69.651 C570.167,67.743 570.674,65.562 570.82,62.369 C570.966,59.17 571,58.147 571,50 C571,41.851 570.966,40.831 570.82,37.631\"><\/path><\/g><\/g><\/g><\/svg><\/div><div style=\"padding-top: 8px;\"> <div style=\" color:#3897f0; font-family:Arial,sans-serif; font-size:14px; font-style:normal; font-weight:550; line-height:18px;\">Voir cette publication sur Instagram<\/div><\/div><div style=\"padding: 12.5% 0;\"><\/div> <div style=\"display: flex; flex-direction: row; margin-bottom: 14px; align-items: center;\"><div> <div style=\"background-color: #F4F4F4; border-radius: 50%; height: 12.5px; width: 12.5px; transform: translateX(0px) translateY(7px);\"><\/div> <div style=\"background-color: #F4F4F4; height: 12.5px; transform: rotate(-45deg) translateX(3px) translateY(1px); width: 12.5px; flex-grow: 0; margin-right: 14px; margin-left: 2px;\"><\/div> <div style=\"background-color: #F4F4F4; border-radius: 50%; height: 12.5px; width: 12.5px; transform: translateX(9px) translateY(-18px);\"><\/div><\/div><div style=\"margin-left: 8px;\"> <div style=\" background-color: #F4F4F4; border-radius: 50%; flex-grow: 0; height: 20px; width: 20px;\"><\/div> <div style=\" width: 0; height: 0; border-top: 2px solid transparent; border-left: 6px solid #f4f4f4; border-bottom: 2px solid transparent; transform: translateX(16px) translateY(-4px) rotate(30deg)\"><\/div><\/div><div style=\"margin-left: auto;\"> <div style=\" width: 0px; border-top: 8px solid #F4F4F4; border-right: 8px solid transparent; transform: translateY(16px);\"><\/div> <div style=\" background-color: #F4F4F4; flex-grow: 0; height: 12px; width: 16px; transform: translateY(-4px);\"><\/div> <div style=\" width: 0; height: 0; border-top: 8px solid #F4F4F4; border-left: 8px solid transparent; transform: translateY(-4px) translateX(8px);\"><\/div><\/div><\/div> <div style=\"display: flex; flex-direction: column; flex-grow: 1; justify-content: center; margin-bottom: 24px;\"> <div style=\" background-color: #F4F4F4; border-radius: 4px; flex-grow: 0; height: 14px; margin-bottom: 6px; width: 224px;\"><\/div> <div style=\" background-color: #F4F4F4; border-radius: 4px; flex-grow: 0; height: 14px; width: 144px;\"><\/div><\/div><\/a><p style=\" color:#c9c8cd; font-family:Arial,sans-serif; font-size:14px; line-height:17px; margin-bottom:0; margin-top:8px; overflow:hidden; padding:8px 0 7px; text-align:center; text-overflow:ellipsis; white-space:nowrap;\"><a href=\"https:\/\/www.instagram.com\/reel\/Cq0QAPBoLcx\/?utm_source=ig_embed&amp;utm_campaign=loading\" style=\" color:#c9c8cd; font-family:Arial,sans-serif; font-size:14px; font-style:normal; font-weight:normal; line-height:17px; text-decoration:none;\" target=\"_blank\">Une publication partag\u00e9e par SORTIRAPARIS.COM (@sortiraparis.officiel)<\/a><\/p><\/div><\/blockquote>\n<script async src=\"\/\/www.instagram.com\/embed.js\"><\/script>\n\n\n\n<p>\ud83d\udca1<strong>Conseil pratique<\/strong> : l\u2019acc\u00e8s au sommet n\u2019est possible que d\u2019avril \u00e0 octobre.<\/p>\n\n\n\n<h3 class=\"wp-block-heading has-text-align-left\">La plus \u00e0 l&rsquo;heure : l&rsquo;horloge du mus\u00e9e d&rsquo;Orsay<\/h3>\n\n\n\n<p class=\"has-text-align-left\">Ce n\u2019est peut-\u00eatre pas le panorama le plus d\u00e9gag\u00e9 de Paris, mais <strong>l\u2019horloge du mus\u00e9e d\u2019Orsay<\/strong> m\u00e9rite largement sa place dans cette s\u00e9lection tant l\u2019exp\u00e9rience est unique. Situ\u00e9e au dernier \u00e9tage de l\u2019ancienne gare transform\u00e9e en mus\u00e9e, cette immense horloge de verre offre une ouverture sur la <strong>Rive droite<\/strong> de Paris, avec en toile de fond <strong>le jardin des Tuileries<\/strong>, le <strong>Louvre<\/strong> et plus loin <strong>Montmartre<\/strong>.<br>Soyons honn\u00eates : <strong>on ne vient pas ici pour une vue panoramique classique<\/strong>. La structure de l\u2019horloge filtre et encadre la sc\u00e8ne ext\u00e9rieure, ce qui limite la visibilit\u00e9 mais cr\u00e9e une ambiance absolument magique. C\u2019est aussi devenu un spot incontournable pour <strong>une photo Instagram<\/strong> : en contre-jour devant l\u2019horloge, on obtient un clich\u00e9 artistique qui \u00e9voque le charme intemporel de Paris.<\/p>\n\n\n\n<figure class=\"wp-block-gallery aligncenter has-nested-images columns-default is-cropped wp-block-gallery-5 is-layout-flex wp-block-gallery-is-layout-flex\">\n<figure class=\"wp-block-image size-large\"><a href=\"https:\/\/est-en-ouest.fr\/index.php\/2024\/11\/11\/vous-nen-croirez-pas-vos-yeux-les-plus-belles-vues-de-paris\/musee-orsay-paris-horloge-vue-paris-cyrille-ardaud-est-en-ouest-blog-voyage-vacances-week-end\/\"><img data-dominant-color=\"7d7161\" data-has-transparency=\"false\" style=\"--dominant-color: #7d7161;\" decoding=\"async\" width=\"683\" height=\"1024\" sizes=\"(max-width: 683px) 100vw, 683px\" data-id=\"3158\" src=\"https:\/\/est-en-ouest.fr\/wp-content\/uploads\/2024\/11\/Musee-Orsay-Paris-horloge-vue-paris-cyrille-ardaud-est-en-ouest-blog-voyage-vacances-week-end-683x1024.jpg\" alt=\"Mus\u00e9e Orsay Paris horloge vue paris cyrille ardaud est en ouest blog voyage vacances week end\" class=\"wp-image-3158 not-transparent\" srcset=\"https:\/\/est-en-ouest.fr\/wp-content\/uploads\/2024\/11\/Musee-Orsay-Paris-horloge-vue-paris-cyrille-ardaud-est-en-ouest-blog-voyage-vacances-week-end-683x1024.jpg 683w, https:\/\/est-en-ouest.fr\/wp-content\/uploads\/2024\/11\/Musee-Orsay-Paris-horloge-vue-paris-cyrille-ardaud-est-en-ouest-blog-voyage-vacances-week-end-200x300.jpg 200w, https:\/\/est-en-ouest.fr\/wp-content\/uploads\/2024\/11\/Musee-Orsay-Paris-horloge-vue-paris-cyrille-ardaud-est-en-ouest-blog-voyage-vacances-week-end-768x1152.jpg 768w, https:\/\/est-en-ouest.fr\/wp-content\/uploads\/2024\/11\/Musee-Orsay-Paris-horloge-vue-paris-cyrille-ardaud-est-en-ouest-blog-voyage-vacances-week-end-1024x1536.jpg 1024w, https:\/\/est-en-ouest.fr\/wp-content\/uploads\/2024\/11\/Musee-Orsay-Paris-horloge-vue-paris-cyrille-ardaud-est-en-ouest-blog-voyage-vacances-week-end-1200x1800.jpg 1200w, https:\/\/est-en-ouest.fr\/wp-content\/uploads\/2024\/11\/Musee-Orsay-Paris-horloge-vue-paris-cyrille-ardaud-est-en-ouest-blog-voyage-vacances-week-end-600x900.jpg 600w, https:\/\/est-en-ouest.fr\/wp-content\/uploads\/2024\/11\/Musee-Orsay-Paris-horloge-vue-paris-cyrille-ardaud-est-en-ouest-blog-voyage-vacances-week-end.jpg 1280w\" \/><\/a><\/figure>\n\n\n\n<figure class=\"wp-block-image size-large\"><a href=\"https:\/\/est-en-ouest.fr\/index.php\/2024\/11\/11\/vous-nen-croirez-pas-vos-yeux-les-plus-belles-vues-de-paris\/horloge-musee-orsay-vue-capitale-ile-de-france-cyrille-ardaud-est-en-ouest-blog-voyage-que-faire-week-end-sortie\/\"><img data-dominant-color=\"33414c\" data-has-transparency=\"false\" style=\"--dominant-color: #33414c;\" decoding=\"async\" width=\"768\" height=\"1024\" sizes=\"(max-width: 768px) 100vw, 768px\" data-id=\"3065\" src=\"https:\/\/est-en-ouest.fr\/wp-content\/uploads\/2024\/11\/Horloge-musee-Orsay-vue-capitale-ile-de-france-cyrille-ardaud-est-en-ouest-blog-voyage-que-faire-week-end-sortie-768x1024.jpg\" alt=\"Vue sur le jardin des Tuileries \u00e0 Paris depuis le mus\u00e9e d'Orsay. Cr\u00e9dit photo obligatoire : Cyrille Ardaud \/ Est-en-Ouest.fr.\" class=\"wp-image-3065 not-transparent\" srcset=\"https:\/\/est-en-ouest.fr\/wp-content\/uploads\/2024\/11\/Horloge-musee-Orsay-vue-capitale-ile-de-france-cyrille-ardaud-est-en-ouest-blog-voyage-que-faire-week-end-sortie-768x1024.jpg 768w, https:\/\/est-en-ouest.fr\/wp-content\/uploads\/2024\/11\/Horloge-musee-Orsay-vue-capitale-ile-de-france-cyrille-ardaud-est-en-ouest-blog-voyage-que-faire-week-end-sortie-225x300.jpg 225w, https:\/\/est-en-ouest.fr\/wp-content\/uploads\/2024\/11\/Horloge-musee-Orsay-vue-capitale-ile-de-france-cyrille-ardaud-est-en-ouest-blog-voyage-que-faire-week-end-sortie-1152x1536.jpg 1152w, https:\/\/est-en-ouest.fr\/wp-content\/uploads\/2024\/11\/Horloge-musee-Orsay-vue-capitale-ile-de-france-cyrille-ardaud-est-en-ouest-blog-voyage-que-faire-week-end-sortie-1200x1600.jpg 1200w, https:\/\/est-en-ouest.fr\/wp-content\/uploads\/2024\/11\/Horloge-musee-Orsay-vue-capitale-ile-de-france-cyrille-ardaud-est-en-ouest-blog-voyage-que-faire-week-end-sortie-600x800.jpg 600w, https:\/\/est-en-ouest.fr\/wp-content\/uploads\/2024\/11\/Horloge-musee-Orsay-vue-capitale-ile-de-france-cyrille-ardaud-est-en-ouest-blog-voyage-que-faire-week-end-sortie.jpg 1440w\" \/><\/a><\/figure>\n<\/figure>\n\n\n\n\n\n\n\n<p class=\"has-text-align-left\">\ud83d\udca1<strong>Conseil pratique<\/strong> :  l\u2019acc\u00e8s \u00e0 l\u2019horloge se fait naturellement au cours de la visite du mus\u00e9e (inclus dans le billet). Pour \u00e9viter l\u2019affluence, privil\u00e9giez une visite en matin\u00e9e ou en fin de journ\u00e9e. Mon conseil : prenez le temps d\u2019explorer les chefs-d\u2019\u0153uvre de <strong>Monet<\/strong>, <strong>Van Gogh<\/strong>, <strong>Degas<\/strong> et <strong>Renoir<\/strong>, expos\u00e9s dans ce cadre somptueux.<\/p>\n\n\n\n<p class=\"has-text-align-left\"><strong>\u2728 Et vous, quel est votre panorama pr\u00e9f\u00e9r\u00e9 sur Paris ? Connaissiez-vous tous ces spots, ou en avez-vous d\u2019autres \u00e0 partager ? Laissez un commentaire ci-dessous et partagez cet article \u00e0 vos amis voyageurs pour leur donner des id\u00e9es de visites ! \ud83d\udcf7\ud83d\uddfc<\/strong><\/p>\n","protected":false},"excerpt":{"rendered":"<p>\ud83c\uddec\ud83c\udde7 There is an English version of this article. You can find it by clicking here. J&rsquo;en parle r\u00e9guli\u00e8rement sur le site, mais je suis parisien depuis d\u00e9j\u00e0 plusieurs ann\u00e9es. Si bien s\u00fbr les autres coins de France et les destinations tout autour du monde m&rsquo;attirent \u00e0 chaque vacances, j&rsquo;aime \u00e9norm\u00e9ment visiter ma propre ville. &#8230;<\/p>\n","protected":false},"author":1,"featured_media":2550,"comment_status":"open","ping_status":"open","sticky":false,"template":"","format":"standard","meta":{"loftocean_post_format_gallery":"","loftocean_post_format_gallery_ids":"","loftocean_post_format_gallery_urls":"","loftocean_post_format_video_id":0,"loftocean_post_format_video_url":"","loftocean_post_format_video_type":"","loftocean_post_format_video":"","loftocean_post_format_audio_type":"","loftocean_post_format_audio_url":"","loftocean_post_format_audio_id":0,"loftocean_post_format_audio":"","loftocean-featured-post":"","loftocean-like-count":12,"loftocean-view-count":2136,"loftocean-enable-content-navigation":"on","loftocean-content-navigation-position":"","loftocean-content-navigation-heading":"","loftocean-content-navigation-label":"[\"La plus connue\",\"La plus haute\",\"La plus belle (selon moi)\",\"La plus inaccessible\",\"La plus triomphante\",\"La plus \\\"aux grands hommes la patrie reconnaissante\\\"\",\"La plus \u00e0 l'heure\"]","loftocean-content-navigation-icon":"[\"ios-eye\",\"ios-eye\",\"ios-eye\",\"ios-eye\",\"ios-eye\",\"ios-eye\",\"ios-eye\"]","loftocean-map-location":"","loftocean-map-latlng":"","loftocean-map-auto-latlng":"","eaven_single_post_hide_thumbnail":"","eaven_single_post_template":"","eaven_single_post_sidebar":"","eaven_hide_before_page_content_ad":"","eaven_hide_after_page_content_ad":"","eaven_advanced_classname":"","footnotes":""},"categories":[5],"tags":[12,87],"class_list":{"0":"post-2549","1":"post","2":"type-post","3":"status-publish","4":"format-standard","5":"has-post-thumbnail","7":"category-france","8":"tag-france","9":"tag-paris"},"yoast_head":"<!-- This site is optimized with the Yoast SEO plugin v27.4 - https:\/\/yoast.com\/product\/yoast-seo-wordpress\/ -->\n<title>Notre s\u00e9lection des meilleurs panoramas pour red\u00e9couvrir Paris<\/title>\n<meta name=\"description\" content=\"Envie de prendre de la hauteur ? D\u00e9couvrez des points de vue spectaculaires, de l&#039;Arc de Triomphe au secret observatoire de la Sorbonne.\" \/>\n<meta name=\"robots\" content=\"index, follow, max-snippet:-1, max-image-preview:large, max-video-preview:-1\" \/>\n<link rel=\"canonical\" href=\"https:\/\/est-en-ouest.fr\/index.php\/2025\/05\/20\/vous-nen-croirez-pas-vos-yeux-les-plus-belles-vues-de-paris\/\" \/>\n<meta property=\"og:locale\" content=\"fr_FR\" \/>\n<meta property=\"og:type\" content=\"article\" \/>\n<meta property=\"og:title\" content=\"Notre s\u00e9lection des meilleurs panoramas pour red\u00e9couvrir Paris\" \/>\n<meta property=\"og:description\" content=\"Envie de prendre de la hauteur ? D\u00e9couvrez des points de vue spectaculaires, de l&#039;Arc de Triomphe au secret observatoire de la Sorbonne.\" \/>\n<meta property=\"og:url\" content=\"https:\/\/est-en-ouest.fr\/index.php\/2025\/05\/20\/vous-nen-croirez-pas-vos-yeux-les-plus-belles-vues-de-paris\/\" \/>\n<meta property=\"og:site_name\" content=\"Est en Ouest\" \/>\n<meta property=\"article:author\" content=\"https:\/\/www.facebook.com\/cyrille.add\/?_rdr\" \/>\n<meta property=\"article:published_time\" content=\"2025-05-20T02:42:10+00:00\" \/>\n<meta property=\"article:modified_time\" content=\"2026-01-20T11:31:37+00:00\" \/>\n<meta property=\"og:image\" content=\"https:\/\/est-en-ouest.fr\/wp-content\/uploads\/2024\/11\/Cyrille-Ardaud-theatre-Chatelet-vue-depuis-tour-saint-jacques-rivoli.jpg\" \/>\n\t<meta property=\"og:image:width\" content=\"1920\" \/>\n\t<meta property=\"og:image:height\" content=\"1280\" \/>\n\t<meta property=\"og:image:type\" content=\"image\/jpeg\" \/>\n<meta name=\"author\" content=\"Cyrille\" \/>\n<meta name=\"twitter:card\" content=\"summary_large_image\" \/>\n<meta name=\"twitter:label1\" content=\"\u00c9crit par\" \/>\n\t<meta name=\"twitter:data1\" content=\"Cyrille\" \/>\n\t<meta name=\"twitter:label2\" content=\"Dur\u00e9e de lecture estim\u00e9e\" \/>\n\t<meta name=\"twitter:data2\" content=\"15 minutes\" \/>\n<script type=\"application\/ld+json\" class=\"yoast-schema-graph\">{\"@context\":\"https:\\\/\\\/schema.org\",\"@graph\":[{\"@type\":\"Article\",\"@id\":\"https:\\\/\\\/est-en-ouest.fr\\\/index.php\\\/2025\\\/05\\\/20\\\/vous-nen-croirez-pas-vos-yeux-les-plus-belles-vues-de-paris\\\/#article\",\"isPartOf\":{\"@id\":\"https:\\\/\\\/est-en-ouest.fr\\\/index.php\\\/2025\\\/05\\\/20\\\/vous-nen-croirez-pas-vos-yeux-les-plus-belles-vues-de-paris\\\/\"},\"author\":{\"name\":\"Cyrille\",\"@id\":\"https:\\\/\\\/est-en-ouest.fr\\\/#\\\/schema\\\/person\\\/a9bbc483a34bc570aa74f6b4425f8dfe\"},\"headline\":\"O\u00f9 voir Paris d\u2019en haut ? Ma s\u00e9lection des meilleurs panoramas pour red\u00e9couvrir la ville\",\"datePublished\":\"2025-05-20T02:42:10+00:00\",\"dateModified\":\"2026-01-20T11:31:37+00:00\",\"mainEntityOfPage\":{\"@id\":\"https:\\\/\\\/est-en-ouest.fr\\\/index.php\\\/2025\\\/05\\\/20\\\/vous-nen-croirez-pas-vos-yeux-les-plus-belles-vues-de-paris\\\/\"},\"wordCount\":1978,\"commentCount\":1,\"publisher\":{\"@id\":\"https:\\\/\\\/est-en-ouest.fr\\\/#organization\"},\"image\":{\"@id\":\"https:\\\/\\\/est-en-ouest.fr\\\/index.php\\\/2025\\\/05\\\/20\\\/vous-nen-croirez-pas-vos-yeux-les-plus-belles-vues-de-paris\\\/#primaryimage\"},\"thumbnailUrl\":\"https:\\\/\\\/est-en-ouest.fr\\\/wp-content\\\/uploads\\\/2024\\\/11\\\/Cyrille-Ardaud-theatre-Chatelet-vue-depuis-tour-saint-jacques-rivoli.jpg\",\"keywords\":[\"France\",\"Paris\"],\"articleSection\":[\"France\"],\"inLanguage\":\"fr-FR\",\"potentialAction\":[{\"@type\":\"CommentAction\",\"name\":\"Comment\",\"target\":[\"https:\\\/\\\/est-en-ouest.fr\\\/index.php\\\/2025\\\/05\\\/20\\\/vous-nen-croirez-pas-vos-yeux-les-plus-belles-vues-de-paris\\\/#respond\"]}]},{\"@type\":\"WebPage\",\"@id\":\"https:\\\/\\\/est-en-ouest.fr\\\/index.php\\\/2025\\\/05\\\/20\\\/vous-nen-croirez-pas-vos-yeux-les-plus-belles-vues-de-paris\\\/\",\"url\":\"https:\\\/\\\/est-en-ouest.fr\\\/index.php\\\/2025\\\/05\\\/20\\\/vous-nen-croirez-pas-vos-yeux-les-plus-belles-vues-de-paris\\\/\",\"name\":\"Notre s\u00e9lection des meilleurs panoramas pour red\u00e9couvrir Paris\",\"isPartOf\":{\"@id\":\"https:\\\/\\\/est-en-ouest.fr\\\/#website\"},\"primaryImageOfPage\":{\"@id\":\"https:\\\/\\\/est-en-ouest.fr\\\/index.php\\\/2025\\\/05\\\/20\\\/vous-nen-croirez-pas-vos-yeux-les-plus-belles-vues-de-paris\\\/#primaryimage\"},\"image\":{\"@id\":\"https:\\\/\\\/est-en-ouest.fr\\\/index.php\\\/2025\\\/05\\\/20\\\/vous-nen-croirez-pas-vos-yeux-les-plus-belles-vues-de-paris\\\/#primaryimage\"},\"thumbnailUrl\":\"https:\\\/\\\/est-en-ouest.fr\\\/wp-content\\\/uploads\\\/2024\\\/11\\\/Cyrille-Ardaud-theatre-Chatelet-vue-depuis-tour-saint-jacques-rivoli.jpg\",\"datePublished\":\"2025-05-20T02:42:10+00:00\",\"dateModified\":\"2026-01-20T11:31:37+00:00\",\"description\":\"Envie de prendre de la hauteur ? D\u00e9couvrez des points de vue spectaculaires, de l'Arc de Triomphe au secret observatoire de la Sorbonne.\",\"breadcrumb\":{\"@id\":\"https:\\\/\\\/est-en-ouest.fr\\\/index.php\\\/2025\\\/05\\\/20\\\/vous-nen-croirez-pas-vos-yeux-les-plus-belles-vues-de-paris\\\/#breadcrumb\"},\"inLanguage\":\"fr-FR\",\"potentialAction\":[{\"@type\":\"ReadAction\",\"target\":[\"https:\\\/\\\/est-en-ouest.fr\\\/index.php\\\/2025\\\/05\\\/20\\\/vous-nen-croirez-pas-vos-yeux-les-plus-belles-vues-de-paris\\\/\"]}]},{\"@type\":\"ImageObject\",\"inLanguage\":\"fr-FR\",\"@id\":\"https:\\\/\\\/est-en-ouest.fr\\\/index.php\\\/2025\\\/05\\\/20\\\/vous-nen-croirez-pas-vos-yeux-les-plus-belles-vues-de-paris\\\/#primaryimage\",\"url\":\"https:\\\/\\\/est-en-ouest.fr\\\/wp-content\\\/uploads\\\/2024\\\/11\\\/Cyrille-Ardaud-theatre-Chatelet-vue-depuis-tour-saint-jacques-rivoli.jpg\",\"contentUrl\":\"https:\\\/\\\/est-en-ouest.fr\\\/wp-content\\\/uploads\\\/2024\\\/11\\\/Cyrille-Ardaud-theatre-Chatelet-vue-depuis-tour-saint-jacques-rivoli.jpg\",\"width\":1920,\"height\":1280,\"caption\":\"Cyrille Ardaud th\u00e9atre Chatelet vue depuis tour saint jacques rivoli\"},{\"@type\":\"BreadcrumbList\",\"@id\":\"https:\\\/\\\/est-en-ouest.fr\\\/index.php\\\/2025\\\/05\\\/20\\\/vous-nen-croirez-pas-vos-yeux-les-plus-belles-vues-de-paris\\\/#breadcrumb\",\"itemListElement\":[{\"@type\":\"ListItem\",\"position\":1,\"name\":\"Home\",\"item\":\"https:\\\/\\\/est-en-ouest.fr\\\/\"},{\"@type\":\"ListItem\",\"position\":2,\"name\":\"O\u00f9 voir Paris d\u2019en haut ? Ma s\u00e9lection des meilleurs panoramas pour red\u00e9couvrir la ville\"}]},{\"@type\":\"WebSite\",\"@id\":\"https:\\\/\\\/est-en-ouest.fr\\\/#website\",\"url\":\"https:\\\/\\\/est-en-ouest.fr\\\/\",\"name\":\"Est en Ouest\",\"description\":\"Le monde est \u00e0 vous !\",\"publisher\":{\"@id\":\"https:\\\/\\\/est-en-ouest.fr\\\/#organization\"},\"alternateName\":\"Est-en-Ouest\",\"potentialAction\":[{\"@type\":\"SearchAction\",\"target\":{\"@type\":\"EntryPoint\",\"urlTemplate\":\"https:\\\/\\\/est-en-ouest.fr\\\/?s={search_term_string}\"},\"query-input\":{\"@type\":\"PropertyValueSpecification\",\"valueRequired\":true,\"valueName\":\"search_term_string\"}}],\"inLanguage\":\"fr-FR\"},{\"@type\":\"Organization\",\"@id\":\"https:\\\/\\\/est-en-ouest.fr\\\/#organization\",\"name\":\"Est en Ouest\",\"url\":\"https:\\\/\\\/est-en-ouest.fr\\\/\",\"logo\":{\"@type\":\"ImageObject\",\"inLanguage\":\"fr-FR\",\"@id\":\"https:\\\/\\\/est-en-ouest.fr\\\/#\\\/schema\\\/logo\\\/image\\\/\",\"url\":\"https:\\\/\\\/est-en-ouest.fr\\\/wp-content\\\/uploads\\\/2024\\\/04\\\/cropped-reiseburo-ferien-logo-2-e1713518003710-1.png\",\"contentUrl\":\"https:\\\/\\\/est-en-ouest.fr\\\/wp-content\\\/uploads\\\/2024\\\/04\\\/cropped-reiseburo-ferien-logo-2-e1713518003710-1.png\",\"width\":1216,\"height\":435,\"caption\":\"Est en Ouest\"},\"image\":{\"@id\":\"https:\\\/\\\/est-en-ouest.fr\\\/#\\\/schema\\\/logo\\\/image\\\/\"},\"sameAs\":[\"https:\\\/\\\/instagram.com\\\/cyrille.add\",\"https:\\\/\\\/www.youtube.com\\\/@cyrilleardaud\\\/?sub_confirmation=1\",\"https:\\\/\\\/fr.pinterest.com\\\/cyrilleardaud\\\/\",\"https:\\\/\\\/www.polarsteps.com\\\/CyrilleArdaud\\\/\"]},{\"@type\":\"Person\",\"@id\":\"https:\\\/\\\/est-en-ouest.fr\\\/#\\\/schema\\\/person\\\/a9bbc483a34bc570aa74f6b4425f8dfe\",\"name\":\"Cyrille\",\"image\":{\"@type\":\"ImageObject\",\"inLanguage\":\"fr-FR\",\"@id\":\"https:\\\/\\\/est-en-ouest.fr\\\/wp-content\\\/uploads\\\/2024\\\/04\\\/CYR7512-96x96.jpg\",\"url\":\"https:\\\/\\\/est-en-ouest.fr\\\/wp-content\\\/uploads\\\/2024\\\/04\\\/CYR7512-96x96.jpg\",\"contentUrl\":\"https:\\\/\\\/est-en-ouest.fr\\\/wp-content\\\/uploads\\\/2024\\\/04\\\/CYR7512-96x96.jpg\",\"caption\":\"Cyrille\"},\"description\":\"Je suis Cyrille, journaliste \u00e0 la radio, photographe et grand amateur de voyage. Ces derni\u00e8res ann\u00e9es, j'ai eu la chance de parcourir plusieurs pays qui m'ont particuli\u00e8rement marqu\u00e9. J'ai d\u00e9cid\u00e9 de cr\u00e9er Est-en-Ouest.fr pour partager mes r\u00e9cits et mes photos.\",\"sameAs\":[\"https:\\\/\\\/cyrilleardaud.fr\",\"https:\\\/\\\/www.facebook.com\\\/cyrille.add\\\/?_rdr\",\"https:\\\/\\\/instagram.com\\\/cyrille.add\",\"https:\\\/\\\/www.linkedin.com\\\/in\\\/cyrilleardaud\\\/?originalSubdomain=fr\",\"https:\\\/\\\/www.youtube.com\\\/@cyrilleardaud\"],\"url\":\"https:\\\/\\\/est-en-ouest.fr\\\/index.php\\\/author\\\/cyrille-ardaud\\\/\"}]}<\/script>\n<!-- \/ Yoast SEO plugin. -->","yoast_head_json":{"title":"Notre s\u00e9lection des meilleurs panoramas pour red\u00e9couvrir Paris","description":"Envie de prendre de la hauteur ? D\u00e9couvrez des points de vue spectaculaires, de l'Arc de Triomphe au secret observatoire de la Sorbonne.","robots":{"index":"index","follow":"follow","max-snippet":"max-snippet:-1","max-image-preview":"max-image-preview:large","max-video-preview":"max-video-preview:-1"},"canonical":"https:\/\/est-en-ouest.fr\/index.php\/2025\/05\/20\/vous-nen-croirez-pas-vos-yeux-les-plus-belles-vues-de-paris\/","og_locale":"fr_FR","og_type":"article","og_title":"Notre s\u00e9lection des meilleurs panoramas pour red\u00e9couvrir Paris","og_description":"Envie de prendre de la hauteur ? D\u00e9couvrez des points de vue spectaculaires, de l'Arc de Triomphe au secret observatoire de la Sorbonne.","og_url":"https:\/\/est-en-ouest.fr\/index.php\/2025\/05\/20\/vous-nen-croirez-pas-vos-yeux-les-plus-belles-vues-de-paris\/","og_site_name":"Est en Ouest","article_author":"https:\/\/www.facebook.com\/cyrille.add\/?_rdr","article_published_time":"2025-05-20T02:42:10+00:00","article_modified_time":"2026-01-20T11:31:37+00:00","og_image":[{"width":1920,"height":1280,"url":"https:\/\/est-en-ouest.fr\/wp-content\/uploads\/2024\/11\/Cyrille-Ardaud-theatre-Chatelet-vue-depuis-tour-saint-jacques-rivoli.jpg","type":"image\/jpeg"}],"author":"Cyrille","twitter_card":"summary_large_image","twitter_misc":{"\u00c9crit par":"Cyrille","Dur\u00e9e de lecture estim\u00e9e":"15 minutes"},"schema":{"@context":"https:\/\/schema.org","@graph":[{"@type":"Article","@id":"https:\/\/est-en-ouest.fr\/index.php\/2025\/05\/20\/vous-nen-croirez-pas-vos-yeux-les-plus-belles-vues-de-paris\/#article","isPartOf":{"@id":"https:\/\/est-en-ouest.fr\/index.php\/2025\/05\/20\/vous-nen-croirez-pas-vos-yeux-les-plus-belles-vues-de-paris\/"},"author":{"name":"Cyrille","@id":"https:\/\/est-en-ouest.fr\/#\/schema\/person\/a9bbc483a34bc570aa74f6b4425f8dfe"},"headline":"O\u00f9 voir Paris d\u2019en haut ? Ma s\u00e9lection des meilleurs panoramas pour red\u00e9couvrir la ville","datePublished":"2025-05-20T02:42:10+00:00","dateModified":"2026-01-20T11:31:37+00:00","mainEntityOfPage":{"@id":"https:\/\/est-en-ouest.fr\/index.php\/2025\/05\/20\/vous-nen-croirez-pas-vos-yeux-les-plus-belles-vues-de-paris\/"},"wordCount":1978,"commentCount":1,"publisher":{"@id":"https:\/\/est-en-ouest.fr\/#organization"},"image":{"@id":"https:\/\/est-en-ouest.fr\/index.php\/2025\/05\/20\/vous-nen-croirez-pas-vos-yeux-les-plus-belles-vues-de-paris\/#primaryimage"},"thumbnailUrl":"https:\/\/est-en-ouest.fr\/wp-content\/uploads\/2024\/11\/Cyrille-Ardaud-theatre-Chatelet-vue-depuis-tour-saint-jacques-rivoli.jpg","keywords":["France","Paris"],"articleSection":["France"],"inLanguage":"fr-FR","potentialAction":[{"@type":"CommentAction","name":"Comment","target":["https:\/\/est-en-ouest.fr\/index.php\/2025\/05\/20\/vous-nen-croirez-pas-vos-yeux-les-plus-belles-vues-de-paris\/#respond"]}]},{"@type":"WebPage","@id":"https:\/\/est-en-ouest.fr\/index.php\/2025\/05\/20\/vous-nen-croirez-pas-vos-yeux-les-plus-belles-vues-de-paris\/","url":"https:\/\/est-en-ouest.fr\/index.php\/2025\/05\/20\/vous-nen-croirez-pas-vos-yeux-les-plus-belles-vues-de-paris\/","name":"Notre s\u00e9lection des meilleurs panoramas pour red\u00e9couvrir Paris","isPartOf":{"@id":"https:\/\/est-en-ouest.fr\/#website"},"primaryImageOfPage":{"@id":"https:\/\/est-en-ouest.fr\/index.php\/2025\/05\/20\/vous-nen-croirez-pas-vos-yeux-les-plus-belles-vues-de-paris\/#primaryimage"},"image":{"@id":"https:\/\/est-en-ouest.fr\/index.php\/2025\/05\/20\/vous-nen-croirez-pas-vos-yeux-les-plus-belles-vues-de-paris\/#primaryimage"},"thumbnailUrl":"https:\/\/est-en-ouest.fr\/wp-content\/uploads\/2024\/11\/Cyrille-Ardaud-theatre-Chatelet-vue-depuis-tour-saint-jacques-rivoli.jpg","datePublished":"2025-05-20T02:42:10+00:00","dateModified":"2026-01-20T11:31:37+00:00","description":"Envie de prendre de la hauteur ? D\u00e9couvrez des points de vue spectaculaires, de l'Arc de Triomphe au secret observatoire de la Sorbonne.","breadcrumb":{"@id":"https:\/\/est-en-ouest.fr\/index.php\/2025\/05\/20\/vous-nen-croirez-pas-vos-yeux-les-plus-belles-vues-de-paris\/#breadcrumb"},"inLanguage":"fr-FR","potentialAction":[{"@type":"ReadAction","target":["https:\/\/est-en-ouest.fr\/index.php\/2025\/05\/20\/vous-nen-croirez-pas-vos-yeux-les-plus-belles-vues-de-paris\/"]}]},{"@type":"ImageObject","inLanguage":"fr-FR","@id":"https:\/\/est-en-ouest.fr\/index.php\/2025\/05\/20\/vous-nen-croirez-pas-vos-yeux-les-plus-belles-vues-de-paris\/#primaryimage","url":"https:\/\/est-en-ouest.fr\/wp-content\/uploads\/2024\/11\/Cyrille-Ardaud-theatre-Chatelet-vue-depuis-tour-saint-jacques-rivoli.jpg","contentUrl":"https:\/\/est-en-ouest.fr\/wp-content\/uploads\/2024\/11\/Cyrille-Ardaud-theatre-Chatelet-vue-depuis-tour-saint-jacques-rivoli.jpg","width":1920,"height":1280,"caption":"Cyrille Ardaud th\u00e9atre Chatelet vue depuis tour saint jacques rivoli"},{"@type":"BreadcrumbList","@id":"https:\/\/est-en-ouest.fr\/index.php\/2025\/05\/20\/vous-nen-croirez-pas-vos-yeux-les-plus-belles-vues-de-paris\/#breadcrumb","itemListElement":[{"@type":"ListItem","position":1,"name":"Home","item":"https:\/\/est-en-ouest.fr\/"},{"@type":"ListItem","position":2,"name":"O\u00f9 voir Paris d\u2019en haut ? Ma s\u00e9lection des meilleurs panoramas pour red\u00e9couvrir la ville"}]},{"@type":"WebSite","@id":"https:\/\/est-en-ouest.fr\/#website","url":"https:\/\/est-en-ouest.fr\/","name":"Est en Ouest","description":"Le monde est \u00e0 vous !","publisher":{"@id":"https:\/\/est-en-ouest.fr\/#organization"},"alternateName":"Est-en-Ouest","potentialAction":[{"@type":"SearchAction","target":{"@type":"EntryPoint","urlTemplate":"https:\/\/est-en-ouest.fr\/?s={search_term_string}"},"query-input":{"@type":"PropertyValueSpecification","valueRequired":true,"valueName":"search_term_string"}}],"inLanguage":"fr-FR"},{"@type":"Organization","@id":"https:\/\/est-en-ouest.fr\/#organization","name":"Est en Ouest","url":"https:\/\/est-en-ouest.fr\/","logo":{"@type":"ImageObject","inLanguage":"fr-FR","@id":"https:\/\/est-en-ouest.fr\/#\/schema\/logo\/image\/","url":"https:\/\/est-en-ouest.fr\/wp-content\/uploads\/2024\/04\/cropped-reiseburo-ferien-logo-2-e1713518003710-1.png","contentUrl":"https:\/\/est-en-ouest.fr\/wp-content\/uploads\/2024\/04\/cropped-reiseburo-ferien-logo-2-e1713518003710-1.png","width":1216,"height":435,"caption":"Est en Ouest"},"image":{"@id":"https:\/\/est-en-ouest.fr\/#\/schema\/logo\/image\/"},"sameAs":["https:\/\/instagram.com\/cyrille.add","https:\/\/www.youtube.com\/@cyrilleardaud\/?sub_confirmation=1","https:\/\/fr.pinterest.com\/cyrilleardaud\/","https:\/\/www.polarsteps.com\/CyrilleArdaud\/"]},{"@type":"Person","@id":"https:\/\/est-en-ouest.fr\/#\/schema\/person\/a9bbc483a34bc570aa74f6b4425f8dfe","name":"Cyrille","image":{"@type":"ImageObject","inLanguage":"fr-FR","@id":"https:\/\/est-en-ouest.fr\/wp-content\/uploads\/2024\/04\/CYR7512-96x96.jpg","url":"https:\/\/est-en-ouest.fr\/wp-content\/uploads\/2024\/04\/CYR7512-96x96.jpg","contentUrl":"https:\/\/est-en-ouest.fr\/wp-content\/uploads\/2024\/04\/CYR7512-96x96.jpg","caption":"Cyrille"},"description":"Je suis Cyrille, journaliste \u00e0 la radio, photographe et grand amateur de voyage. Ces derni\u00e8res ann\u00e9es, j'ai eu la chance de parcourir plusieurs pays qui m'ont particuli\u00e8rement marqu\u00e9. J'ai d\u00e9cid\u00e9 de cr\u00e9er Est-en-Ouest.fr pour partager mes r\u00e9cits et mes photos.","sameAs":["https:\/\/cyrilleardaud.fr","https:\/\/www.facebook.com\/cyrille.add\/?_rdr","https:\/\/instagram.com\/cyrille.add","https:\/\/www.linkedin.com\/in\/cyrilleardaud\/?originalSubdomain=fr","https:\/\/www.youtube.com\/@cyrilleardaud"],"url":"https:\/\/est-en-ouest.fr\/index.php\/author\/cyrille-ardaud\/"}]}},"_links":{"self":[{"href":"https:\/\/est-en-ouest.fr\/index.php\/wp-json\/wp\/v2\/posts\/2549","targetHints":{"allow":["GET"]}}],"collection":[{"href":"https:\/\/est-en-ouest.fr\/index.php\/wp-json\/wp\/v2\/posts"}],"about":[{"href":"https:\/\/est-en-ouest.fr\/index.php\/wp-json\/wp\/v2\/types\/post"}],"author":[{"embeddable":true,"href":"https:\/\/est-en-ouest.fr\/index.php\/wp-json\/wp\/v2\/users\/1"}],"replies":[{"embeddable":true,"href":"https:\/\/est-en-ouest.fr\/index.php\/wp-json\/wp\/v2\/comments?post=2549"}],"version-history":[{"count":36,"href":"https:\/\/est-en-ouest.fr\/index.php\/wp-json\/wp\/v2\/posts\/2549\/revisions"}],"predecessor-version":[{"id":3798,"href":"https:\/\/est-en-ouest.fr\/index.php\/wp-json\/wp\/v2\/posts\/2549\/revisions\/3798"}],"wp:featuredmedia":[{"embeddable":true,"href":"https:\/\/est-en-ouest.fr\/index.php\/wp-json\/wp\/v2\/media\/2550"}],"wp:attachment":[{"href":"https:\/\/est-en-ouest.fr\/index.php\/wp-json\/wp\/v2\/media?parent=2549"}],"wp:term":[{"taxonomy":"category","embeddable":true,"href":"https:\/\/est-en-ouest.fr\/index.php\/wp-json\/wp\/v2\/categories?post=2549"},{"taxonomy":"post_tag","embeddable":true,"href":"https:\/\/est-en-ouest.fr\/index.php\/wp-json\/wp\/v2\/tags?post=2549"}],"curies":[{"name":"wp","href":"https:\/\/api.w.org\/{rel}","templated":true}]}}